{"id":33210,"date":"2026-09-01T23:32:38","date_gmt":"2026-09-01T21:32:38","guid":{"rendered":"https:\/\/martinafino.it\/depressione-ansiosa-i-sintomi-fisici-e-perche-il-corpo-parla-per-primo\/"},"modified":"2026-09-01T23:32:38","modified_gmt":"2026-09-01T21:32:38","slug":"depressione-ansiosa-i-sintomi-fisici-e-perche-il-corpo-parla-per-primo","status":"publish","type":"post","link":"https:\/\/martinafino.it\/en\/depressione-ansiosa-i-sintomi-fisici-e-perche-il-corpo-parla-per-primo\/","title":{"rendered":"Depressione ansiosa: i sintomi fisici e perch\u00e9 il corpo parla per primo"},"content":{"rendered":"<article>\n\n<p>Molte persone arrivano dallo psicologo dopo essere passate dal medico di base, dal cardiologo, dal gastroenterologo. Hanno fatto esami, e gli esami sono a posto. Eppure il corpo continua a mandare segnali: stanchezza che non passa, tensione, disturbi digestivi, un peso sul petto.<\/p>\n\n<p>\u00c8 uno dei quadri pi\u00f9 frequenti e pi\u00f9 fraintesi: la <strong>depressione ansiosa<\/strong>, cio\u00e8 la compresenza di sintomi depressivi e ansiosi. E la sua caratteristica pi\u00f9 tipica \u00e8 proprio questa: <strong>il corpo parla prima dell&#8217;umore<\/strong>.<\/p>\n\n<h2>Che cos&#8217;\u00e8 la depressione ansiosa<\/h2>\n<p>Ansia e depressione vengono raccontate come due condizioni opposte: una accelera, l&#8217;altra rallenta. Nella pratica clinica si presentano insieme molto pi\u00f9 spesso di quanto si pensi, e la loro combinazione ha un profilo riconoscibile.<\/p>\n<p>Non \u00e8 semplicemente \u201cansia pi\u00f9 depressione\u201d. \u00c8 uno stato in cui l&#8217;attivazione ansiosa resta accesa \u2014 il corpo in allerta, la mente che rimugina \u2014 mentre l&#8217;energia e la capacit\u00e0 di provare piacere sono gi\u00e0 in calo. Si \u00e8 esausti e contemporaneamente incapaci di fermarsi. \u00c8 questa combinazione a renderlo cos\u00ec logorante.<\/p>\n\n<h2>I sintomi fisici<\/h2>\n<p>Sono la parte pi\u00f9 evidente, e spesso l&#8217;unica di cui si parla al medico:<\/p>\n<ul>\n<li><strong>Stanchezza costante<\/strong>, presente gi\u00e0 al risveglio, che il riposo non ripara<\/li>\n<li><strong>Tensione muscolare<\/strong> a collo, spalle e mandibola; dolori diffusi senza causa apparente<\/li>\n<li><strong>Disturbi gastrointestinali<\/strong>: nausea, colon irritabile, senso di peso allo stomaco, appetito alterato<\/li>\n<li><strong>Tachicardia<\/strong>, palpitazioni, sensazione di oppressione al petto<\/li>\n<li><strong>Respiro corto<\/strong> o sensazione di non riuscire a fare un respiro pieno<\/li>\n<li><strong>Sleep disorders<\/strong>: difficolt\u00e0 ad addormentarsi per la mente che gira, oppure risvegli molto precoci<\/li>\n<li><strong>Mal di testa<\/strong> ricorrenti, vertigini, formicolii<\/li>\n<li>Riduzione del <strong>desiderio sessuale<\/strong><\/li>\n<\/ul>\n<p>Presi uno per uno sembrano problemi separati. \u00c8 il motivo per cui si finisce a fare accertamenti su ciascuno, senza che nessuno guardi il quadro d&#8217;insieme.<\/p>\n\n<h2>Perch\u00e9 il corpo si manifesta per primo<\/h2>\n<p>Ci sono due ragioni, e vale la pena conoscerle entrambe.<\/p>\n<p>La prima \u00e8 fisiologica. Uno stato di attivazione prolungata mantiene alti gli ormoni dello stress, e questo ha effetti reali e misurabili su digestione, sonno, tono muscolare e sistema immunitario. Non \u00e8 immaginazione: \u00e8 un corpo che sta funzionando in modalit\u00e0 di emergenza da troppo tempo.<\/p>\n<p>La seconda \u00e8 culturale. Dire \u201cmi fa male lo stomaco\u201d \u00e8 socialmente accettabile; dire \u201cnon ho pi\u00f9 voglia di niente\u201d lo \u00e8 molto meno. Cos\u00ec, spesso senza consapevolezza, la sofferenza trova la via che il contesto permette. Non \u00e8 una finzione \u2014 i sintomi sono autentici \u2014 ma \u00e8 una spiegazione di perch\u00e9 emergano proprio quelli.<\/p>\n\n<h2>I sintomi psicologici, che di solito arrivano dopo<\/h2>\n<ul>\n<li>Preoccupazione continua, difficile da interrompere volontariamente<\/li>\n<li>Irritabilit\u00e0 e insofferenza, spesso verso le persone pi\u00f9 vicine<\/li>\n<li>Difficolt\u00e0 di concentrazione e di memoria sulle cose semplici<\/li>\n<li>Perdita di interesse per attivit\u00e0 che prima davano piacere<\/li>\n<li>Senso di inadeguatezza e autocritica costante<\/li>\n<li>Sensazione di essere costantemente in ritardo, o di non farcela<\/li>\n<li>Ritiro progressivo dalle relazioni, mascherato da stanchezza<\/li>\n<\/ul>\n\n<h2>Perch\u00e9 ansia e depressione vanno spesso insieme<\/h2>\n<p>La sequenza pi\u00f9 comune \u00e8 questa. Un periodo di ansia prolungata consuma risorse: si dorme male, si sta in allerta, si evita. A un certo punto il sistema non regge pi\u00f9 quel livello di dispendio e cede, e a quel punto compaiono l&#8217;appiattimento e la perdita di slancio.<\/p>\n<p>Vale anche il percorso inverso: un umore deflesso rende tutto pi\u00f9 difficile, e la difficolt\u00e0 genera ansia anticipatoria su ci\u00f2 che si dovr\u00e0 affrontare.<\/p>\n<p>Sono due direzioni che si alimentano a vicenda, ed \u00e8 il motivo per cui aspettare che passi da sola raramente funziona.<\/p>\n\n<h2>Prima di tutto: farsi vedere dal medico<\/h2>\n<p>Diverse condizioni organiche possono produrre un quadro simile: disturbi della tiroide, anemia, carenze vitaminiche, apnee notturne, diabete, effetti collaterali di farmaci.<\/p>\n<p>Se hai sintomi fisici persistenti, il primo passaggio \u00e8 il <strong>medico curante<\/strong>. Non per escludere che sia \u201cpsicologico\u201d, ma perch\u00e9 le due cose possono coesistere e perch\u00e9 sapere di aver verificato toglie un dubbio che altrimenti resta a rodere per mesi.<\/p>\n\n<h2>Che cosa aiuta<\/h2>\n<p><strong>Rimettere insieme i pezzi.<\/strong> Il primo passaggio utile \u00e8 spesso il pi\u00f9 semplice: capire che quei sintomi separati appartengono a un unico quadro. Toglie l&#8217;impressione di avere dieci problemi e ne lascia uno solo, affrontabile.<\/p>\n<p><strong>Lavorare sull&#8217;attivazione corporea.<\/strong> The <strong>Autogenic training<\/strong> agisce esattamente qui: insegna a modulare in modo attivo lo stato di allerta del corpo, e su un quadro dominato dai sintomi fisici \u00e8 uno strumento particolarmente indicato.<\/p>\n<p><strong>Interrompere i circoli.<\/strong> La ruminazione, il controllo, l&#8217;evitamento e il ritiro sociale mantengono in piedi entrambe le componenti. Sono i bersagli su cui il lavoro cognitivo-comportamentale interviene in modo diretto.<\/p>\n<p><strong>Ricostruire il ritmo.<\/strong> Sonno regolare, movimento, riattivazione graduale di ci\u00f2 che si \u00e8 abbandonato. Poco affascinante, molto efficace.<\/p>\n<p><strong>Capire che cosa il corpo sta segnalando.<\/strong> \u00c8 la parte pi\u00f9 lunga, ed \u00e8 quella che rende il cambiamento stabile invece che temporaneo.<\/p>\n<p>In alcuni casi \u00e8 opportuno affiancare una valutazione psichiatrica. Non \u00e8 un fallimento del percorso psicologico: \u00e8 il modo corretto di trattare i quadri pi\u00f9 pesanti.<\/p>\n\n<h2>When to ask for help<\/h2>\n<p>Se i sintomi durano da settimane, se gli accertamenti medici non hanno trovato una causa, se il sonno \u00e8 peggiorato stabilmente o se hai smesso di fare cose che prima facevi, un colloquio ha senso.<\/p>\n<p>Se compaiono pensieri di farti del male o di non voler pi\u00f9 esserci, non aspettare: parlane subito con il tuo medico, rivolgiti al pronto soccorso o chiama il <strong>112<\/strong>.<\/p>\n\n<h2>Frequent use<\/h2>\n\n<h3>La depressione pu\u00f2 dare solo sintomi fisici?<\/h3>\n<p>S\u00ec. Esistono forme in cui la componente somatica \u00e8 nettamente prevalente e l&#8217;umore deflesso viene notato solo in un secondo momento, a volte solo dalle persone vicine. \u00c8 uno dei motivi per cui questi quadri vengono riconosciuti tardi.<\/p>\n\n<h3>Come faccio a sapere se \u00e8 ansia o depressione?<\/h3>\n<p>Nella pratica la distinzione netta \u00e8 spesso artificiale, perch\u00e9 convivono. Un criterio orientativo: l&#8217;ansia \u00e8 rivolta al futuro e attiva, la depressione \u00e8 rivolta al presente e spegne. Se ti riconosci in entrambe, non stai sbagliando a leggerti.<\/p>\n\n<h3>I sintomi fisici passano da soli?<\/h3>\n<p>Passano quando si riduce lo stato che li produce. Finch\u00e9 l&#8217;attivazione resta alta, tendono a spostarsi da un apparato all&#8217;altro: si risolve il mal di stomaco e compare l&#8217;insonnia.<\/p>\n\n<h3>Devo prendere farmaci?<\/h3>\n<p>\u00c8 una valutazione medica, non mia. In alcuni quadri l&#8217;associazione tra farmaco e psicoterapia \u00e8 la strada pi\u00f9 efficace; in altri il percorso psicologico \u00e8 sufficiente. Chi decide \u00e8 il medico, sulla base della situazione specifica.<\/p>\n\n<h3>Quanto tempo serve per stare meglio?<\/h3>\n<p>I sintomi fisici sono spesso i primi a cedere, e qualche miglioramento pu\u00f2 arrivare in poche settimane. Il consolidamento richiede pi\u00f9 tempo, perch\u00e9 riguarda i meccanismi che hanno prodotto quello stato.<\/p>\n\n<h2>Un percorso a Firenze o online<\/h2>\n<p>Se ti riconosci in questo quadro, puoi <a href=\"https:\/\/martinafino.it\/en\/contatti\/\">contattarmi per un primo colloquio conoscitivo<\/a>. Ricevo in studio a Firenze, in Via Tommaso Campanella 5, zona Campo di Marte \u2013 Coverciano, e <a href=\"https:\/\/martinafino.it\/en\/terapia-online-come-funziona-quando-e-indicata-e-quali-sono-i-limiti\/\">online<\/a>.<\/p>\n<p>Trovi approfondimenti sui <a href=\"https:\/\/martinafino.it\/en\/depressione-segni-da-non-ignorare\/\">segni della depressione<\/a>, su <a href=\"https:\/\/martinafino.it\/en\/come-capire-se-soffri-dansia\/\">come capire se soffri d&#8217;ansia<\/a> e sulla <a href=\"https:\/\/martinafino.it\/en\/differenza-tra-ansia-e-stress\/\">differenza tra ansia e stress<\/a>.<\/p>\n\n<aside class=\"mf-author-box\" style=\"margin:40px 0 0;padding:24px;border:1px solid #e2e8f0;border-left:4px solid #1a4d80;border-radius:12px;background:#f8fafc;\">\n<p style=\"margin:0 0 8px;font-size:0.85rem;letter-spacing:.06em;text-transform:uppercase;color:#64748b;\">Scritto da<\/p>\n<p style=\"margin:0 0 10px;font-size:1.15rem;font-weight:700;color:#1a4d80;\">Dr. Martina Fino<\/p>\n<p style=\"margin:0 0 10px;color:#334155;\">Psicologa e psicoterapeuta a Firenze, iscritta all&#8217;Albo degli Psicologi della Toscana n. 5767. Laureata in Psicologia Clinica e della Salute all&#8217;Universit\u00e0 degli Studi di Firenze e specializzata in Psicoterapia della Gestalt ed EMDR. Ha maturato esperienza nel settore della psichiatria della ASL di Firenze e nel sostegno psiconcologico presso l&#8217;Ospedale di Careggi.<\/p>\n<p style=\"margin:0;\"><a href=\"https:\/\/martinafino.it\/en\/psicologo-firenze\/psicologa-firenze\/\">Profilo completo<\/a> &middot; <a href=\"https:\/\/martinafino.it\/en\/contatti\/\">Contacts<\/a><\/p>\n<p style=\"margin:14px 0 0;font-size:0.85rem;color:#64748b;\"><em>Questo articolo ha finalit\u00e0 informativa e non sostituisce una valutazione o una consulenza psicologica personalizzata.<\/em><\/p>\n<\/aside>\n\n<\/article>","protected":false},"excerpt":{"rendered":"<p>Depressione ansiosa: quali sono i sintomi fisici, perch\u00e9 il corpo si manifesta prima dell&#8217;umore, come si distingue da ansia e depressione separate e cosa fare.<\/p>","protected":false},"author":4,"featured_media":0,"comment_status":"","ping_status":"open","sticky":false,"template":"","format":"standard","meta":{"footnotes":""},"categories":[260],"tags":[],"class_list":["post-33210","post","type-post","status-publish","format-standard","category-psicologo-firenze-la-psicologia-si-cura-di-te"],"yoast_head":"<!-- This site is optimized with the Yoast SEO Premium plugin v28.4 (Yoast SEO v28.4) - https:\/\/yoast.com\/product\/yoast-seo-premium-wordpress\/ -->\n<title>Depressione Ansiosa: Sintomi Fisici e Come Riconoscerla<\/title>\n<meta name=\"description\" content=\"Depressione ansiosa: i sintomi fisici, perch\u00e9 il corpo si manifesta prima dell&#039;umore, come si distingue e cosa fare. Studio a Firenze e sedute online.\" \/>\n<meta name=\"robots\" content=\"index, follow, max-snippet:-1, max-image-preview:large, max-video-preview:-1\" \/>\n<link rel=\"canonical\" href=\"https:\/\/martinafino.it\/en\/depressione-ansiosa-i-sintomi-fisici-e-perche-il-corpo-parla-per-primo\/\" \/>\n<meta property=\"og:locale\" content=\"en_US\" \/>\n<meta property=\"og:type\" content=\"article\" \/>\n<meta property=\"og:title\" content=\"Depressione ansiosa: i sintomi fisici e perch\u00e9 il corpo parla per primo\" \/>\n<meta property=\"og:description\" content=\"Psicologo Psicoterapeuta Firenze Dott. ssa Martina Fino\" \/>\n<meta property=\"og:url\" content=\"https:\/\/martinafino.it\/en\/depressione-ansiosa-i-sintomi-fisici-e-perche-il-corpo-parla-per-primo\/\" \/>\n<meta property=\"og:site_name\" content=\"Psicologo Psicoterapeuta Firenze Martina Fino\" \/>\n<meta property=\"article:publisher\" content=\"https:\/\/m.facebook.com\/psicologafirenze\" \/>\n<meta property=\"article:author\" content=\"https:\/\/m.facebook.com\/psicologafirenze\" \/>\n<meta property=\"article:published_time\" content=\"2026-09-01T21:32:38+00:00\" \/>\n<meta property=\"og:image\" content=\"https:\/\/martinafino.it\/wp-content\/uploads\/2018\/10\/Psicologo-Firenze-400x300.jpg\" \/>\n\t<meta property=\"og:image:width\" content=\"400\" \/>\n\t<meta property=\"og:image:height\" content=\"300\" \/>\n\t<meta property=\"og:image:type\" content=\"image\/jpeg\" \/>\n<meta name=\"author\" content=\"Martina Fino\" \/>\n<meta name=\"twitter:card\" content=\"summary_large_image\" \/>\n<meta name=\"twitter:label1\" content=\"Written by\" \/>\n\t<meta name=\"twitter:data1\" content=\"Martina Fino\" \/>\n\t<meta name=\"twitter:label2\" content=\"Est. reading time\" \/>\n\t<meta name=\"twitter:data2\" content=\"6 minutes\" \/>\n<script type=\"application\/ld+json\" class=\"yoast-schema-graph\">{\"@context\":\"https:\\\/\\\/schema.org\",\"@graph\":[{\"@type\":\"Article\",\"@id\":\"https:\\\/\\\/martinafino.it\\\/depressione-ansiosa-i-sintomi-fisici-e-perche-il-corpo-parla-per-primo\\\/#article\",\"isPartOf\":{\"@id\":\"https:\\\/\\\/martinafino.it\\\/depressione-ansiosa-i-sintomi-fisici-e-perche-il-corpo-parla-per-primo\\\/\"},\"author\":{\"name\":\"Martina Fino\",\"@id\":\"https:\\\/\\\/martinafino.it\\\/#\\\/schema\\\/person\\\/7c84523521b3f91c7543e655d9a95a7e\"},\"headline\":\"Depressione ansiosa: i sintomi fisici e perch\u00e9 il corpo parla per primo\",\"datePublished\":\"2026-09-01T21:32:38+00:00\",\"mainEntityOfPage\":{\"@id\":\"https:\\\/\\\/martinafino.it\\\/depressione-ansiosa-i-sintomi-fisici-e-perche-il-corpo-parla-per-primo\\\/\"},\"wordCount\":1203,\"publisher\":{\"@id\":\"https:\\\/\\\/martinafino.it\\\/#\\\/schema\\\/person\\\/7c84523521b3f91c7543e655d9a95a7e\"},\"articleSection\":[\"La Psicologia si cura di te\"],\"inLanguage\":\"en-US\"},{\"@type\":\"WebPage\",\"@id\":\"https:\\\/\\\/martinafino.it\\\/depressione-ansiosa-i-sintomi-fisici-e-perche-il-corpo-parla-per-primo\\\/\",\"url\":\"https:\\\/\\\/martinafino.it\\\/depressione-ansiosa-i-sintomi-fisici-e-perche-il-corpo-parla-per-primo\\\/\",\"name\":\"Depressione Ansiosa: Sintomi Fisici e Come Riconoscerla\",\"isPartOf\":{\"@id\":\"https:\\\/\\\/martinafino.it\\\/#website\"},\"datePublished\":\"2026-09-01T21:32:38+00:00\",\"description\":\"Depressione ansiosa: i sintomi fisici, perch\u00e9 il corpo si manifesta prima dell'umore, come si distingue e cosa fare. Studio a Firenze e sedute online.\",\"inLanguage\":\"en-US\",\"potentialAction\":[{\"@type\":\"ReadAction\",\"target\":[\"https:\\\/\\\/martinafino.it\\\/depressione-ansiosa-i-sintomi-fisici-e-perche-il-corpo-parla-per-primo\\\/\"]}]},{\"@type\":\"WebSite\",\"@id\":\"https:\\\/\\\/martinafino.it\\\/#website\",\"url\":\"https:\\\/\\\/martinafino.it\\\/\",\"name\":\"Psicologo Psicoterapeuta Firenze Martina Fino\",\"description\":\"La psicologia si-cura di te\",\"publisher\":{\"@id\":\"https:\\\/\\\/martinafino.it\\\/#\\\/schema\\\/person\\\/7c84523521b3f91c7543e655d9a95a7e\"},\"potentialAction\":[{\"@type\":\"SearchAction\",\"target\":{\"@type\":\"EntryPoint\",\"urlTemplate\":\"https:\\\/\\\/martinafino.it\\\/?s={search_term_string}\"},\"query-input\":{\"@type\":\"PropertyValueSpecification\",\"valueRequired\":true,\"valueName\":\"search_term_string\"}}],\"inLanguage\":\"en-US\"},{\"@type\":[\"Person\",\"Organization\"],\"@id\":\"https:\\\/\\\/martinafino.it\\\/#\\\/schema\\\/person\\\/7c84523521b3f91c7543e655d9a95a7e\",\"name\":\"Martina Fino\",\"image\":{\"@type\":\"ImageObject\",\"inLanguage\":\"en-US\",\"@id\":\"https:\\\/\\\/martinafino.it\\\/wp-content\\\/uploads\\\/2018\\\/10\\\/Psicologo-Firenze-400x300.jpg\",\"url\":\"https:\\\/\\\/martinafino.it\\\/wp-content\\\/uploads\\\/2018\\\/10\\\/Psicologo-Firenze-400x300.jpg\",\"contentUrl\":\"https:\\\/\\\/martinafino.it\\\/wp-content\\\/uploads\\\/2018\\\/10\\\/Psicologo-Firenze-400x300.jpg\",\"width\":400,\"height\":300,\"caption\":\"Martina Fino\"},\"logo\":{\"@id\":\"https:\\\/\\\/martinafino.it\\\/wp-content\\\/uploads\\\/2018\\\/10\\\/Psicologo-Firenze-400x300.jpg\"},\"description\":\"Psicologo Psicoterapeuta Firenze Dott.ssa Martina Fino La Psicologia si-cura di te https:\\\/\\\/www.martinafino.it\",\"sameAs\":[\"https:\\\/\\\/www.martinafino.it\",\"https:\\\/\\\/m.facebook.com\\\/psicologafirenze\",\"https:\\\/\\\/it.linkedin.com\\\/in\\\/martina-fino-65b548b8\",\"https:\\\/\\\/www.pinterest.com\\\/eelfomusic\\\/psicologo-firenze-dottssa-martina-fino\\\/\"],\"gender\":\"donna\",\"knowsAbout\":[\"Psicologo Psicoterapeuta Firenze\"],\"knowsLanguage\":[\"italiano\",\"inglese\"],\"jobTitle\":\"Psicologo Psicoterapeuta Firenze\",\"worksFor\":\"Psicologo Psicoterapeuta Firenze Dott. ssa Martina Fino\",\"url\":\"https:\\\/\\\/martinafino.it\\\/en\\\/author\\\/martina-fino-psicologo-firenze\\\/\"}]}<\/script>\n<!-- \/ Yoast SEO Premium plugin. -->","yoast_head_json":{"title":"Depressione Ansiosa: Sintomi Fisici e Come Riconoscerla","description":"Depressione ansiosa: i sintomi fisici, perch\u00e9 il corpo si manifesta prima dell'umore, come si distingue e cosa fare. Studio a Firenze e sedute online.","robots":{"index":"index","follow":"follow","max-snippet":"max-snippet:-1","max-image-preview":"max-image-preview:large","max-video-preview":"max-video-preview:-1"},"canonical":"https:\/\/martinafino.it\/en\/depressione-ansiosa-i-sintomi-fisici-e-perche-il-corpo-parla-per-primo\/","og_locale":"en_US","og_type":"article","og_title":"Depressione ansiosa: i sintomi fisici e perch\u00e9 il corpo parla per primo","og_description":"Psicologo Psicoterapeuta Firenze Dott. ssa Martina Fino","og_url":"https:\/\/martinafino.it\/en\/depressione-ansiosa-i-sintomi-fisici-e-perche-il-corpo-parla-per-primo\/","og_site_name":"Psicologo Psicoterapeuta Firenze Martina Fino","article_publisher":"https:\/\/m.facebook.com\/psicologafirenze","article_author":"https:\/\/m.facebook.com\/psicologafirenze","article_published_time":"2026-09-01T21:32:38+00:00","og_image":[{"width":400,"height":300,"url":"https:\/\/martinafino.it\/wp-content\/uploads\/2018\/10\/Psicologo-Firenze-400x300.jpg","type":"image\/jpeg"}],"author":"Martina Fino","twitter_card":"summary_large_image","twitter_misc":{"Written by":"Martina Fino","Est. reading time":"6 minutes"},"schema":{"@context":"https:\/\/schema.org","@graph":[{"@type":"Article","@id":"https:\/\/martinafino.it\/depressione-ansiosa-i-sintomi-fisici-e-perche-il-corpo-parla-per-primo\/#article","isPartOf":{"@id":"https:\/\/martinafino.it\/depressione-ansiosa-i-sintomi-fisici-e-perche-il-corpo-parla-per-primo\/"},"author":{"name":"Martina Fino","@id":"https:\/\/martinafino.it\/#\/schema\/person\/7c84523521b3f91c7543e655d9a95a7e"},"headline":"Depressione ansiosa: i sintomi fisici e perch\u00e9 il corpo parla per primo","datePublished":"2026-09-01T21:32:38+00:00","mainEntityOfPage":{"@id":"https:\/\/martinafino.it\/depressione-ansiosa-i-sintomi-fisici-e-perche-il-corpo-parla-per-primo\/"},"wordCount":1203,"publisher":{"@id":"https:\/\/martinafino.it\/#\/schema\/person\/7c84523521b3f91c7543e655d9a95a7e"},"articleSection":["La Psicologia si cura di te"],"inLanguage":"en-US"},{"@type":"WebPage","@id":"https:\/\/martinafino.it\/depressione-ansiosa-i-sintomi-fisici-e-perche-il-corpo-parla-per-primo\/","url":"https:\/\/martinafino.it\/depressione-ansiosa-i-sintomi-fisici-e-perche-il-corpo-parla-per-primo\/","name":"Depressione Ansiosa: Sintomi Fisici e Come Riconoscerla","isPartOf":{"@id":"https:\/\/martinafino.it\/#website"},"datePublished":"2026-09-01T21:32:38+00:00","description":"Depressione ansiosa: i sintomi fisici, perch\u00e9 il corpo si manifesta prima dell'umore, come si distingue e cosa fare. Studio a Firenze e sedute online.","inLanguage":"en-US","potentialAction":[{"@type":"ReadAction","target":["https:\/\/martinafino.it\/depressione-ansiosa-i-sintomi-fisici-e-perche-il-corpo-parla-per-primo\/"]}]},{"@type":"WebSite","@id":"https:\/\/martinafino.it\/#website","url":"https:\/\/martinafino.it\/","name":"Martina Fino, Psychologist and Psychotherapist in Florence","description":"Psychology takes care of you","publisher":{"@id":"https:\/\/martinafino.it\/#\/schema\/person\/7c84523521b3f91c7543e655d9a95a7e"},"potentialAction":[{"@type":"SearchAction","target":{"@type":"EntryPoint","urlTemplate":"https:\/\/martinafino.it\/?s={search_term_string}"},"query-input":{"@type":"PropertyValueSpecification","valueRequired":true,"valueName":"search_term_string"}}],"inLanguage":"en-US"},{"@type":["Person","Organization"],"@id":"https:\/\/martinafino.it\/#\/schema\/person\/7c84523521b3f91c7543e655d9a95a7e","name":"Martina Fino","image":{"@type":"ImageObject","inLanguage":"en-US","@id":"https:\/\/martinafino.it\/wp-content\/uploads\/2018\/10\/Psicologo-Firenze-400x300.jpg","url":"https:\/\/martinafino.it\/wp-content\/uploads\/2018\/10\/Psicologo-Firenze-400x300.jpg","contentUrl":"https:\/\/martinafino.it\/wp-content\/uploads\/2018\/10\/Psicologo-Firenze-400x300.jpg","width":400,"height":300,"caption":"Martina Fino"},"logo":{"@id":"https:\/\/martinafino.it\/wp-content\/uploads\/2018\/10\/Psicologo-Firenze-400x300.jpg"},"description":"Psychologist Psychotherapist Florence Dr. Martina Fino Psychology takes care of you https:\/\/www.martinafino.it","sameAs":["https:\/\/www.martinafino.it","https:\/\/m.facebook.com\/psicologafirenze","https:\/\/it.linkedin.com\/in\/martina-fino-65b548b8","https:\/\/www.pinterest.com\/eelfomusic\/psicologo-firenze-dottssa-martina-fino\/"],"gender":"donna","knowsAbout":["Psicologo Psicoterapeuta Firenze"],"knowsLanguage":["italiano","inglese"],"jobTitle":"Psicologo Psicoterapeuta Firenze","worksFor":"Psicologo Psicoterapeuta Firenze Dott. ssa Martina Fino","url":"https:\/\/martinafino.it\/en\/author\/martina-fino-psicologo-firenze\/"}]}},"menu_order":0,"_links":{"self":[{"href":"https:\/\/martinafino.it\/en\/wp-json\/wp\/v2\/posts\/33210","targetHints":{"allow":["GET"]}}],"collection":[{"href":"https:\/\/martinafino.it\/en\/wp-json\/wp\/v2\/posts"}],"about":[{"href":"https:\/\/martinafino.it\/en\/wp-json\/wp\/v2\/types\/post"}],"author":[{"embeddable":true,"href":"https:\/\/martinafino.it\/en\/wp-json\/wp\/v2\/users\/4"}],"replies":[{"embeddable":true,"href":"https:\/\/martinafino.it\/en\/wp-json\/wp\/v2\/comments?post=33210"}],"version-history":[{"count":0,"href":"https:\/\/martinafino.it\/en\/wp-json\/wp\/v2\/posts\/33210\/revisions"}],"wp:attachment":[{"href":"https:\/\/martinafino.it\/en\/wp-json\/wp\/v2\/media?parent=33210"}],"wp:term":[{"taxonomy":"category","embeddable":true,"href":"https:\/\/martinafino.it\/en\/wp-json\/wp\/v2\/categories?post=33210"},{"taxonomy":"post_tag","embeddable":true,"href":"https:\/\/martinafino.it\/en\/wp-json\/wp\/v2\/tags?post=33210"}],"curies":[{"name":"wp","href":"https:\/\/api.w.org\/{rel}","templated":true}]}}