{"id":33207,"date":"2026-09-01T23:27:12","date_gmt":"2026-09-01T21:27:12","guid":{"rendered":"https:\/\/martinafino.it\/?p=33207"},"modified":"2026-09-01T23:27:12","modified_gmt":"2026-09-01T21:27:12","slug":"depressione-esistenziale-quando-a-mancare-non-e-la-forza-ma-il-senso","status":"publish","type":"post","link":"https:\/\/martinafino.it\/en\/depressione-esistenziale-quando-a-mancare-non-e-la-forza-ma-il-senso\/","title":{"rendered":"Depressione esistenziale: quando a mancare non \u00e8 la forza, ma il senso"},"content":{"rendered":"<article>\n\n<p>Ci sono persone che arrivano in studio senza saper dire che cosa non va. Il lavoro c&#8217;\u00e8, le relazioni tengono, non \u00e8 successo niente di grave. Eppure qualcosa si \u00e8 spento. La frase che ricorre, quasi sempre uguale, \u00e8: <em>\u201cnon so pi\u00f9 perch\u00e9 faccio quello che faccio\u201d<\/em>.<\/p>\n\n<p>Questa forma di sofferenza ha un nome: <strong>depressione esistenziale<\/strong>. Non manca l&#8217;energia \u2014 manca la ragione per spenderla.<\/p>\n\n<h2>Che cos&#8217;\u00e8, e cosa non \u00e8<\/h2>\n<p>Va detto subito, per correttezza: la depressione esistenziale <strong>non \u00e8 una diagnosi clinica<\/strong>. Non compare nei manuali diagnostici come categoria a s\u00e9. \u00c8 una descrizione, nata in ambito filosofico e poi entrata nel linguaggio della psicoterapia, di un tipo di sofferenza che ruota attorno alle domande di senso invece che attorno ai sintomi.<\/p>\n<p>Viktor Frankl la chiamava <em>vuoto esistenziale<\/em>: quella sensazione di vacuit\u00e0 che compare quando i bisogni pratici sono soddisfatti e resta scoperta la domanda sul perch\u00e9. Irvin Yalom ha descritto quattro nodi con cui prima o poi ogni essere umano deve fare i conti: la morte, la libert\u00e0 e il peso della scelta, la solitudine di fondo, e l&#8217;assenza di un significato dato in partenza.<\/p>\n<p>La depressione esistenziale \u00e8 ci\u00f2 che accade quando uno di questi nodi si presenta e non si trova il modo di reggerlo.<\/p>\n\n<h2>Come si manifesta<\/h2>\n<ul>\n<li>Un senso di <strong>vuoto<\/strong> che convive con una vita apparentemente piena<\/li>\n<li>La domanda \u201ca che scopo?\u201d che si insinua in attivit\u00e0 che prima si facevano senza pensarci<\/li>\n<li><strong>Apatia pi\u00f9 che tristezza<\/strong>: non si soffre acutamente, ci si sente scollegati<\/li>\n<li>La percezione di stare recitando una parte, di funzionare senza esserci davvero<\/li>\n<li>Un senso di <strong>estraneit\u00e0<\/strong> rispetto agli altri, anche a chi si ama<\/li>\n<li>La consapevolezza acuta e improvvisa della mortalit\u00e0, che rende tutto il resto sproporzionato<\/li>\n<\/ul>\n<p>Chi la attraversa spesso si sente in colpa per starci dentro: \u201cnon ho motivo di lamentarmi\u201d. Ed \u00e8 vero che i motivi esterni mancano \u2014 il che rende la cosa pi\u00f9 difficile da spiegare e pi\u00f9 solitaria da portare.<\/p>\n\n<h2>Quando compare<\/h2>\n<p>Raramente arriva nei momenti peggiori. Molto pi\u00f9 spesso compare <strong>dopo<\/strong>.<\/p>\n<p>Dopo aver raggiunto un obiettivo inseguito per anni, e aver scoperto che non cambia nulla. Alla fine di un percorso di studi, quando la struttura che reggeva le giornate viene meno. In una transizione di vita: la met\u00e0 del cammino, i figli che se ne vanno, la pensione. Dopo una malattia o un lutto, quando l&#8217;illusione di controllo si incrina. O semplicemente in un periodo in cui, per la prima volta da tempo, ci si ferma.<\/p>\n<p>\u00c8 il paradosso che descrive bene il film <a href=\"https:\/\/martinafino.it\/en\/soul-un-film-con-due-anime\/\">Soul<\/a>: la vita di Joe accade mentre lui \u00e8 occupato a rincorrere il suo scopo.<\/p>\n\n<h2>La distinzione che conta: \u00e8 un episodio depressivo?<\/h2>\n<p>Questa parte \u00e8 la pi\u00f9 importante di tutto l&#8217;articolo, perch\u00e9 confondere le due cose ha conseguenze concrete.<\/p>\n<p>Nella <strong>depressione clinica<\/strong> il quadro comprende segnali che riguardano il funzionamento biologico: perdita di piacere generalizzata e non selettiva, alterazioni del sonno e dell&#8217;appetito, rallentamento, stanchezza che non recupera, difficolt\u00e0 di concentrazione, senso di colpa sproporzionato. \u00c8 uno stato che non si scioglie riflettendoci sopra, e che richiede una valutazione clinica.<\/p>\n<p>Nella <strong>sofferenza esistenziale<\/strong> la capacit\u00e0 di provare piacere resta accessibile in alcune aree, i ritmi biologici sono in genere conservati, e il pensiero \u00e8 lucido \u2014 fin troppo. La domanda di senso \u00e8 attiva, non spenta.<\/p>\n<p>Ma le due cose possono coesistere, e spesso lo fanno: una crisi di senso prolungata pu\u00f2 sfociare in un episodio depressivo vero e proprio. Per questo la prima cosa da fare non \u00e8 decidere da soli in quale categoria si sta, ma <strong>farsi valutare<\/strong>. Se ti riconosci nei segnali del primo gruppo, l&#8217;articolo sui <a href=\"https:\/\/martinafino.it\/en\/depressione-segni-da-non-ignorare\/\">segni della depressione da non ignorare<\/a> \u00e8 il punto da cui partire.<\/p>\n<p>E se compaiono pensieri di farti del male o di non voler pi\u00f9 esserci, non aspettare: parlane subito con il tuo medico, rivolgiti al pronto soccorso o chiama il <strong>112<\/strong>.<\/p>\n\n<h2>Perch\u00e9 la Gestalt lavora bene su questo terreno<\/h2>\n<p>La psicoterapia della Gestalt nasce dentro la tradizione umanistico-esistenziale, e questo la rende particolarmente adatta a una sofferenza che riguarda il senso pi\u00f9 che il sintomo.<\/p>\n<p><strong>Perch\u00e9 parte dall&#8217;esperienza, non dalle spiegazioni.<\/strong> Alla domanda \u201cperch\u00e9 mi sento cos\u00ec\u201d, il lavoro gestaltico risponde spostandola: <em>che cosa senti, adesso, mentre lo dici? Dove lo senti nel corpo?<\/em> Non \u00e8 un modo per eludere la domanda, ma per riportarla dove pu\u00f2 essere affrontata. Ne ho scritto nell&#8217;articolo sul <a href=\"https:\/\/martinafino.it\/en\/il-qui-ed-ora-fenomenologico-2\/\">qui ed ora fenomenologico<\/a>.<\/p>\n<p><strong>Perch\u00e9 mette la responsabilit\u00e0 al centro.<\/strong> Non nel senso della colpa, ma in quello che intendeva Sartre: <em>non sei responsabile di ci\u00f2 che sei, ma sei responsabile di ci\u00f2 che fai di quello che sei<\/em>. Il senso non si trova gi\u00e0 fatto: si costruisce nelle scelte.<\/p>\n<p><strong>Perch\u00e9 non punta a farti tornare come prima.<\/strong> Secondo la <a href=\"https:\/\/martinafino.it\/en\/la-teoria-paradossale-del-cambiamento\/\">teoria paradossale del cambiamento<\/a>, si cambia quando si smette di combattere contro ci\u00f2 che si \u00e8 e si comincia a riconoscerlo. Chi attraversa una crisi di senso di solito arriva chiedendo di tornare a funzionare come prima. Il lavoro va spesso nella direzione opposta: capire che cosa quella crisi stia cercando di dire.<\/p>\n\n<h2>Il vuoto non \u00e8 sempre un sintomo<\/h2>\n<p>Una precisazione che tengo a fare, perch\u00e9 rischia di andare persa.<\/p>\n<p>Non tutta la sofferenza esistenziale va eliminata. Una parte segnala qualcosa di corretto: che una vita costruita su obiettivi non nostri non regge, che qualcosa va rivisto. In quei casi il vuoto non \u00e8 il guasto \u2014 \u00e8 l&#8217;allarme che ce lo indica.<\/p>\n<p>Il lavoro terapeutico non serve a spegnere quell&#8217;allarme, ma ad ascoltarlo senza esserne travolti. \u00c8 diverso, e fa una differenza enorme.<\/p>\n\n<h2>Frequent use<\/h2>\n\n<h3>La depressione esistenziale \u00e8 una malattia?<\/h3>\n<p>No, non \u00e8 una categoria diagnostica. \u00c8 una forma di sofferenza legata alle domande di senso. Questo non la rende meno reale n\u00e9 meno pesante, e non esclude che possa accompagnarsi a un disturbo depressivo, che invece va valutato clinicamente.<\/p>\n\n<h3>Che differenza c&#8217;\u00e8 con una crisi esistenziale?<\/h3>\n<p>Sono la stessa area di esperienza, con intensit\u00e0 diverse. Si parla di crisi quando \u00e8 legata a un passaggio circoscritto e tende a evolvere; di depressione esistenziale quando lo stato di vuoto si stabilizza e comincia a incidere sulla vita quotidiana.<\/p>\n\n<h3>Passa da sola?<\/h3>\n<p>A volte s\u00ec, quando la vita porta un cambiamento che rimette in moto qualcosa. Ma se dura da mesi, se il ritiro dagli altri aumenta o se compaiono segnali depressivi veri e propri, aspettare non \u00e8 una strategia.<\/p>\n\n<h3>Serve la psicoterapia o basta parlarne con qualcuno?<\/h3>\n<p>Parlarne aiuta sempre. La psicoterapia serve quando la domanda di senso resta bloccata, quando si gira sempre attorno agli stessi pensieri senza spostarsi, o quando il vuoto ha cominciato a limitare le scelte.<\/p>\n\n<h3>Chi ne soffre di pi\u00f9?<\/h3>\n<p>Compare spesso in persone riflessive, esigenti con s\u00e9 stesse, abituate a interrogarsi. Non \u00e8 un segno di fragilit\u00e0: \u00e8 spesso il rovescio di una capacit\u00e0 di guardare le cose fino in fondo.<\/p>\n\n<h2>Un percorso a Firenze o online<\/h2>\n<p>Se ti riconosci in quello che hai letto, puoi <a href=\"https:\/\/martinafino.it\/en\/contatti\/\">contattarmi per un primo colloquio conoscitivo<\/a>. Ricevo in studio a Firenze, in Via Tommaso Campanella 5, zona Campo di Marte \u2013 Coverciano, e <a href=\"https:\/\/martinafino.it\/en\/terapia-online-come-funziona-quando-e-indicata-e-quali-sono-i-limiti\/\">online<\/a>.<\/p>\n\n<aside class=\"mf-author-box\" style=\"margin:40px 0 0;padding:24px;border:1px solid #e2e8f0;border-left:4px solid #1a4d80;border-radius:12px;background:#f8fafc;\">\n<p style=\"margin:0 0 8px;font-size:0.85rem;letter-spacing:.06em;text-transform:uppercase;color:#64748b;\">Scritto da<\/p>\n<p style=\"margin:0 0 10px;font-size:1.15rem;font-weight:700;color:#1a4d80;\">Dr. Martina Fino<\/p>\n<p style=\"margin:0 0 10px;color:#334155;\">Psicologa e psicoterapeuta a Firenze, iscritta all&#8217;Albo degli Psicologi della Toscana n. 5767. Laureata in Psicologia Clinica e della Salute all&#8217;Universit\u00e0 degli Studi di Firenze e specializzata in Psicoterapia della Gestalt ed EMDR. Ha maturato esperienza nel settore della psichiatria della ASL di Firenze e nel sostegno psiconcologico presso l&#8217;Ospedale di Careggi.<\/p>\n<p style=\"margin:0;\"><a href=\"https:\/\/martinafino.it\/en\/psicologo-firenze\/psicologa-firenze\/\">Profilo completo<\/a> &middot; <a href=\"https:\/\/martinafino.it\/en\/contatti\/\">Contacts<\/a><\/p>\n<p style=\"margin:14px 0 0;font-size:0.85rem;color:#64748b;\"><em>Questo articolo ha finalit\u00e0 informativa e non sostituisce una valutazione o una consulenza psicologica personalizzata.<\/em><\/p>\n<\/aside>\n\n<\/article>","protected":false},"excerpt":{"rendered":"<p>Depressione esistenziale: che cos&#8217;\u00e8, come si distingue da un episodio depressivo, quando compare e come la psicoterapia della Gestalt lavora sulla perdita di senso.<\/p>","protected":false},"author":4,"featured_media":0,"comment_status":"closed","ping_status":"open","sticky":false,"template":"","format":"standard","meta":{"footnotes":""},"categories":[316,260],"tags":[],"class_list":["post-33207","post","type-post","status-publish","format-standard","category-psicologo-firenze-gestalt","category-psicologo-firenze-la-psicologia-si-cura-di-te"],"yoast_head":"<!-- This site is optimized with the Yoast SEO Premium plugin v28.4 (Yoast SEO v28.4) - https:\/\/yoast.com\/product\/yoast-seo-premium-wordpress\/ -->\n<title>Depressione Esistenziale: Cos&#039;\u00e8 e Come Affrontarla<\/title>\n<meta name=\"description\" content=\"Depressione esistenziale: che cos&#039;\u00e8, come si distingue da un episodio depressivo, quando compare e come la psicoterapia della Gestalt lavora sulla perdita di senso.\" \/>\n<meta name=\"robots\" content=\"index, follow, max-snippet:-1, max-image-preview:large, max-video-preview:-1\" \/>\n<link rel=\"canonical\" href=\"https:\/\/martinafino.it\/en\/depressione-esistenziale-quando-a-mancare-non-e-la-forza-ma-il-senso\/\" \/>\n<meta property=\"og:locale\" content=\"en_US\" \/>\n<meta property=\"og:type\" content=\"article\" \/>\n<meta property=\"og:title\" content=\"Depressione esistenziale: quando a mancare non \u00e8 la forza, ma il senso\" \/>\n<meta property=\"og:description\" content=\"Psicologo Psicoterapeuta Firenze Dott. ssa Martina Fino\" \/>\n<meta property=\"og:url\" content=\"https:\/\/martinafino.it\/en\/depressione-esistenziale-quando-a-mancare-non-e-la-forza-ma-il-senso\/\" \/>\n<meta property=\"og:site_name\" content=\"Psicologo Psicoterapeuta Firenze Martina Fino\" \/>\n<meta property=\"article:publisher\" content=\"https:\/\/m.facebook.com\/psicologafirenze\" \/>\n<meta property=\"article:author\" content=\"https:\/\/m.facebook.com\/psicologafirenze\" \/>\n<meta property=\"article:published_time\" content=\"2026-09-01T21:27:12+00:00\" \/>\n<meta property=\"og:image\" content=\"https:\/\/martinafino.it\/wp-content\/uploads\/2018\/10\/Psicologo-Firenze-400x300.jpg\" \/>\n\t<meta property=\"og:image:width\" content=\"400\" \/>\n\t<meta property=\"og:image:height\" content=\"300\" \/>\n\t<meta property=\"og:image:type\" content=\"image\/jpeg\" \/>\n<meta name=\"author\" content=\"Martina Fino\" \/>\n<meta name=\"twitter:card\" content=\"summary_large_image\" \/>\n<meta name=\"twitter:label1\" content=\"Written by\" \/>\n\t<meta name=\"twitter:data1\" content=\"Martina Fino\" \/>\n\t<meta name=\"twitter:label2\" content=\"Est. reading time\" \/>\n\t<meta name=\"twitter:data2\" content=\"6 minutes\" \/>\n<script type=\"application\/ld+json\" class=\"yoast-schema-graph\">{\"@context\":\"https:\\\/\\\/schema.org\",\"@graph\":[{\"@type\":\"Article\",\"@id\":\"https:\\\/\\\/martinafino.it\\\/depressione-esistenziale-quando-a-mancare-non-e-la-forza-ma-il-senso\\\/#article\",\"isPartOf\":{\"@id\":\"https:\\\/\\\/martinafino.it\\\/depressione-esistenziale-quando-a-mancare-non-e-la-forza-ma-il-senso\\\/\"},\"author\":{\"name\":\"Martina Fino\",\"@id\":\"https:\\\/\\\/martinafino.it\\\/#\\\/schema\\\/person\\\/7c84523521b3f91c7543e655d9a95a7e\"},\"headline\":\"Depressione esistenziale: quando a mancare non \u00e8 la forza, ma il senso\",\"datePublished\":\"2026-09-01T21:27:12+00:00\",\"mainEntityOfPage\":{\"@id\":\"https:\\\/\\\/martinafino.it\\\/depressione-esistenziale-quando-a-mancare-non-e-la-forza-ma-il-senso\\\/\"},\"wordCount\":1242,\"publisher\":{\"@id\":\"https:\\\/\\\/martinafino.it\\\/#\\\/schema\\\/person\\\/7c84523521b3f91c7543e655d9a95a7e\"},\"articleSection\":[\"Gestalt\",\"La Psicologia si cura di te\"],\"inLanguage\":\"en-US\"},{\"@type\":\"WebPage\",\"@id\":\"https:\\\/\\\/martinafino.it\\\/depressione-esistenziale-quando-a-mancare-non-e-la-forza-ma-il-senso\\\/\",\"url\":\"https:\\\/\\\/martinafino.it\\\/depressione-esistenziale-quando-a-mancare-non-e-la-forza-ma-il-senso\\\/\",\"name\":\"Depressione Esistenziale: Cos'\u00e8 e Come Affrontarla\",\"isPartOf\":{\"@id\":\"https:\\\/\\\/martinafino.it\\\/#website\"},\"datePublished\":\"2026-09-01T21:27:12+00:00\",\"description\":\"Depressione esistenziale: che cos'\u00e8, come si distingue da un episodio depressivo, quando compare e come la psicoterapia della Gestalt lavora sulla perdita di senso.\",\"inLanguage\":\"en-US\",\"potentialAction\":[{\"@type\":\"ReadAction\",\"target\":[\"https:\\\/\\\/martinafino.it\\\/depressione-esistenziale-quando-a-mancare-non-e-la-forza-ma-il-senso\\\/\"]}]},{\"@type\":\"WebSite\",\"@id\":\"https:\\\/\\\/martinafino.it\\\/#website\",\"url\":\"https:\\\/\\\/martinafino.it\\\/\",\"name\":\"Psicologo Psicoterapeuta Firenze Martina Fino\",\"description\":\"La psicologia si-cura di te\",\"publisher\":{\"@id\":\"https:\\\/\\\/martinafino.it\\\/#\\\/schema\\\/person\\\/7c84523521b3f91c7543e655d9a95a7e\"},\"potentialAction\":[{\"@type\":\"SearchAction\",\"target\":{\"@type\":\"EntryPoint\",\"urlTemplate\":\"https:\\\/\\\/martinafino.it\\\/?s={search_term_string}\"},\"query-input\":{\"@type\":\"PropertyValueSpecification\",\"valueRequired\":true,\"valueName\":\"search_term_string\"}}],\"inLanguage\":\"en-US\"},{\"@type\":[\"Person\",\"Organization\"],\"@id\":\"https:\\\/\\\/martinafino.it\\\/#\\\/schema\\\/person\\\/7c84523521b3f91c7543e655d9a95a7e\",\"name\":\"Martina Fino\",\"image\":{\"@type\":\"ImageObject\",\"inLanguage\":\"en-US\",\"@id\":\"https:\\\/\\\/martinafino.it\\\/wp-content\\\/uploads\\\/2018\\\/10\\\/Psicologo-Firenze-400x300.jpg\",\"url\":\"https:\\\/\\\/martinafino.it\\\/wp-content\\\/uploads\\\/2018\\\/10\\\/Psicologo-Firenze-400x300.jpg\",\"contentUrl\":\"https:\\\/\\\/martinafino.it\\\/wp-content\\\/uploads\\\/2018\\\/10\\\/Psicologo-Firenze-400x300.jpg\",\"width\":400,\"height\":300,\"caption\":\"Martina Fino\"},\"logo\":{\"@id\":\"https:\\\/\\\/martinafino.it\\\/wp-content\\\/uploads\\\/2018\\\/10\\\/Psicologo-Firenze-400x300.jpg\"},\"description\":\"Psicologo Psicoterapeuta Firenze Dott.ssa Martina Fino La Psicologia si-cura di te https:\\\/\\\/www.martinafino.it\",\"sameAs\":[\"https:\\\/\\\/www.martinafino.it\",\"https:\\\/\\\/m.facebook.com\\\/psicologafirenze\",\"https:\\\/\\\/it.linkedin.com\\\/in\\\/martina-fino-65b548b8\",\"https:\\\/\\\/www.pinterest.com\\\/eelfomusic\\\/psicologo-firenze-dottssa-martina-fino\\\/\"],\"gender\":\"donna\",\"knowsAbout\":[\"Psicologo Psicoterapeuta Firenze\"],\"knowsLanguage\":[\"italiano\",\"inglese\"],\"jobTitle\":\"Psicologo Psicoterapeuta Firenze\",\"worksFor\":\"Psicologo Psicoterapeuta Firenze Dott. ssa Martina Fino\",\"url\":\"https:\\\/\\\/martinafino.it\\\/en\\\/author\\\/martina-fino-psicologo-firenze\\\/\"}]}<\/script>\n<!-- \/ Yoast SEO Premium plugin. -->","yoast_head_json":{"title":"Depressione Esistenziale: Cos'\u00e8 e Come Affrontarla","description":"Depressione esistenziale: che cos'\u00e8, come si distingue da un episodio depressivo, quando compare e come la psicoterapia della Gestalt lavora sulla perdita di senso.","robots":{"index":"index","follow":"follow","max-snippet":"max-snippet:-1","max-image-preview":"max-image-preview:large","max-video-preview":"max-video-preview:-1"},"canonical":"https:\/\/martinafino.it\/en\/depressione-esistenziale-quando-a-mancare-non-e-la-forza-ma-il-senso\/","og_locale":"en_US","og_type":"article","og_title":"Depressione esistenziale: quando a mancare non \u00e8 la forza, ma il senso","og_description":"Psicologo Psicoterapeuta Firenze Dott. ssa Martina Fino","og_url":"https:\/\/martinafino.it\/en\/depressione-esistenziale-quando-a-mancare-non-e-la-forza-ma-il-senso\/","og_site_name":"Psicologo Psicoterapeuta Firenze Martina Fino","article_publisher":"https:\/\/m.facebook.com\/psicologafirenze","article_author":"https:\/\/m.facebook.com\/psicologafirenze","article_published_time":"2026-09-01T21:27:12+00:00","og_image":[{"width":400,"height":300,"url":"https:\/\/martinafino.it\/wp-content\/uploads\/2018\/10\/Psicologo-Firenze-400x300.jpg","type":"image\/jpeg"}],"author":"Martina Fino","twitter_card":"summary_large_image","twitter_misc":{"Written by":"Martina Fino","Est. reading time":"6 minutes"},"schema":{"@context":"https:\/\/schema.org","@graph":[{"@type":"Article","@id":"https:\/\/martinafino.it\/depressione-esistenziale-quando-a-mancare-non-e-la-forza-ma-il-senso\/#article","isPartOf":{"@id":"https:\/\/martinafino.it\/depressione-esistenziale-quando-a-mancare-non-e-la-forza-ma-il-senso\/"},"author":{"name":"Martina Fino","@id":"https:\/\/martinafino.it\/#\/schema\/person\/7c84523521b3f91c7543e655d9a95a7e"},"headline":"Depressione esistenziale: quando a mancare non \u00e8 la forza, ma il senso","datePublished":"2026-09-01T21:27:12+00:00","mainEntityOfPage":{"@id":"https:\/\/martinafino.it\/depressione-esistenziale-quando-a-mancare-non-e-la-forza-ma-il-senso\/"},"wordCount":1242,"publisher":{"@id":"https:\/\/martinafino.it\/#\/schema\/person\/7c84523521b3f91c7543e655d9a95a7e"},"articleSection":["Gestalt","La Psicologia si cura di te"],"inLanguage":"en-US"},{"@type":"WebPage","@id":"https:\/\/martinafino.it\/depressione-esistenziale-quando-a-mancare-non-e-la-forza-ma-il-senso\/","url":"https:\/\/martinafino.it\/depressione-esistenziale-quando-a-mancare-non-e-la-forza-ma-il-senso\/","name":"Depressione Esistenziale: Cos'\u00e8 e Come Affrontarla","isPartOf":{"@id":"https:\/\/martinafino.it\/#website"},"datePublished":"2026-09-01T21:27:12+00:00","description":"Depressione esistenziale: che cos'\u00e8, come si distingue da un episodio depressivo, quando compare e come la psicoterapia della Gestalt lavora sulla perdita di senso.","inLanguage":"en-US","potentialAction":[{"@type":"ReadAction","target":["https:\/\/martinafino.it\/depressione-esistenziale-quando-a-mancare-non-e-la-forza-ma-il-senso\/"]}]},{"@type":"WebSite","@id":"https:\/\/martinafino.it\/#website","url":"https:\/\/martinafino.it\/","name":"Martina Fino, Psychologist and Psychotherapist in Florence","description":"Psychology takes care of you","publisher":{"@id":"https:\/\/martinafino.it\/#\/schema\/person\/7c84523521b3f91c7543e655d9a95a7e"},"potentialAction":[{"@type":"SearchAction","target":{"@type":"EntryPoint","urlTemplate":"https:\/\/martinafino.it\/?s={search_term_string}"},"query-input":{"@type":"PropertyValueSpecification","valueRequired":true,"valueName":"search_term_string"}}],"inLanguage":"en-US"},{"@type":["Person","Organization"],"@id":"https:\/\/martinafino.it\/#\/schema\/person\/7c84523521b3f91c7543e655d9a95a7e","name":"Martina Fino","image":{"@type":"ImageObject","inLanguage":"en-US","@id":"https:\/\/martinafino.it\/wp-content\/uploads\/2018\/10\/Psicologo-Firenze-400x300.jpg","url":"https:\/\/martinafino.it\/wp-content\/uploads\/2018\/10\/Psicologo-Firenze-400x300.jpg","contentUrl":"https:\/\/martinafino.it\/wp-content\/uploads\/2018\/10\/Psicologo-Firenze-400x300.jpg","width":400,"height":300,"caption":"Martina Fino"},"logo":{"@id":"https:\/\/martinafino.it\/wp-content\/uploads\/2018\/10\/Psicologo-Firenze-400x300.jpg"},"description":"Psychologist Psychotherapist Florence Dr. Martina Fino Psychology takes care of you https:\/\/www.martinafino.it","sameAs":["https:\/\/www.martinafino.it","https:\/\/m.facebook.com\/psicologafirenze","https:\/\/it.linkedin.com\/in\/martina-fino-65b548b8","https:\/\/www.pinterest.com\/eelfomusic\/psicologo-firenze-dottssa-martina-fino\/"],"gender":"donna","knowsAbout":["Psicologo Psicoterapeuta Firenze"],"knowsLanguage":["italiano","inglese"],"jobTitle":"Psicologo Psicoterapeuta Firenze","worksFor":"Psicologo Psicoterapeuta Firenze Dott. ssa Martina Fino","url":"https:\/\/martinafino.it\/en\/author\/martina-fino-psicologo-firenze\/"}]}},"menu_order":0,"_links":{"self":[{"href":"https:\/\/martinafino.it\/en\/wp-json\/wp\/v2\/posts\/33207","targetHints":{"allow":["GET"]}}],"collection":[{"href":"https:\/\/martinafino.it\/en\/wp-json\/wp\/v2\/posts"}],"about":[{"href":"https:\/\/martinafino.it\/en\/wp-json\/wp\/v2\/types\/post"}],"author":[{"embeddable":true,"href":"https:\/\/martinafino.it\/en\/wp-json\/wp\/v2\/users\/4"}],"replies":[{"embeddable":true,"href":"https:\/\/martinafino.it\/en\/wp-json\/wp\/v2\/comments?post=33207"}],"version-history":[{"count":1,"href":"https:\/\/martinafino.it\/en\/wp-json\/wp\/v2\/posts\/33207\/revisions"}],"predecessor-version":[{"id":33208,"href":"https:\/\/martinafino.it\/en\/wp-json\/wp\/v2\/posts\/33207\/revisions\/33208"}],"wp:attachment":[{"href":"https:\/\/martinafino.it\/en\/wp-json\/wp\/v2\/media?parent=33207"}],"wp:term":[{"taxonomy":"category","embeddable":true,"href":"https:\/\/martinafino.it\/en\/wp-json\/wp\/v2\/categories?post=33207"},{"taxonomy":"post_tag","embeddable":true,"href":"https:\/\/martinafino.it\/en\/wp-json\/wp\/v2\/tags?post=33207"}],"curies":[{"name":"wp","href":"https:\/\/api.w.org\/{rel}","templated":true}]}}