{"id":32968,"date":"2026-09-01T09:46:26","date_gmt":"2026-09-01T07:46:26","guid":{"rendered":"https:\/\/martinafino.it\/?p=32968"},"modified":"2026-09-01T17:38:08","modified_gmt":"2026-09-01T15:38:08","slug":"burnout-da-lavoro-cose-i-sintomi-e-come-uscirne","status":"publish","type":"post","link":"https:\/\/martinafino.it\/en\/burnout-da-lavoro-cose-i-sintomi-e-come-uscirne\/","title":{"rendered":"Burnout: cos&#8217;\u00e8, sintomi e come uscirne con l&#8217;aiuto di uno psicoterapeuta a Firenze"},"content":{"rendered":"<p>Ti capita di arrivare al luned\u00ec gi\u00e0 esausto, di sentirti svuotato anche dopo il weekend, o di provare un distacco crescente verso un lavoro che un tempo ti appassionava? Potrebbe non trattarsi di semplice stanchezza, ma di <strong>burnout<\/strong>, una condizione che l&#8217;Organizzazione Mondiale della Sanit\u00e0 riconosce ufficialmente come fenomeno legato al contesto lavorativo. Capire di cosa si tratta \u00e8 il primo passo per affrontarlo.<\/p>\n<h2>Cos&#8217;\u00e8 il burnout<\/h2>\n<p>Il burnout \u00e8 una sindrome che nasce da uno stress cronico sul posto di lavoro non gestito in modo efficace. Non \u00e8 considerato una malattia in senso stretto: dal 2019 l&#8217;OMS lo ha inserito nell&#8217;ICD-11, l&#8217;undicesima revisione della Classificazione Internazionale delle Malattie, all&#8217;interno del capitolo dedicato ai fattori che influenzano lo stato di salute, distinguendolo sia dalle malattie professionali che dai generici rischi psicosociali. In pratica, \u00e8 una condizione che spinge le persone a rivolgersi ai servizi sanitari, senza essere di per s\u00e9 una patologia.<\/p>\n<p>Il concetto \u00e8 stato descritto per la prima volta negli anni Settanta dallo psicologo Herbert Freudenberger e successivamente approfondito da Christina Maslach, che insieme a Susan Jackson ha sviluppato nel 1981 il Maslach Burnout Inventory, il questionario tuttora pi\u00f9 utilizzato per valutarne la presenza.<\/p>\n<h3>Le tre dimensioni del burnout secondo l&#8217;OMS<\/h3>\n<p>Secondo la definizione ufficiale, il burnout si articola in tre componenti:<\/p>\n<div style=\"display:flex;flex-wrap:wrap;gap:16px;margin:28px 0;\">\n<div style=\"flex:1;min-width:200px;background:#f8fafc;border-left:4px solid #1a4d80;border-radius:8px;padding:16px 20px;\">\n<div style=\"font-size:1.8rem;\">\ud83d\udd0b<\/div>\n<h4 style=\"margin:8px 0 6px;color:#1a4d80;\">Esaurimento delle energie<\/h4>\n<p style=\"margin:0;font-size:0.95rem;color:#334155;\">Una stanchezza fisica ed emotiva persistente, che non passa con il riposo<\/p>\n<\/div>\n<div style=\"flex:1;min-width:200px;background:#f8fafc;border-left:4px solid #1a4d80;border-radius:8px;padding:16px 20px;\">\n<div style=\"font-size:1.8rem;\">\ud83d\udeab<\/div>\n<h4 style=\"margin:8px 0 6px;color:#1a4d80;\">Distacco mentale dal lavoro<\/h4>\n<p style=\"margin:0;font-size:0.95rem;color:#334155;\">Sentimenti di cinismo, negativismo o indifferenza verso le proprie mansioni<\/p>\n<\/div>\n<div style=\"flex:1;min-width:200px;background:#f8fafc;border-left:4px solid #1a4d80;border-radius:8px;padding:16px 20px;\">\n<div style=\"font-size:1.8rem;\">\ud83d\udcc9<\/div>\n<h4 style=\"margin:8px 0 6px;color:#1a4d80;\">Riduzione dell&#8217;efficacia professionale<\/h4>\n<p style=\"margin:0;font-size:0.95rem;color:#334155;\">La sensazione di non rendere pi\u00f9 come prima, con calo di produttivit\u00e0 e autostima<\/p>\n<\/div>\n<\/div>\n<p style=\"font-size:0.85rem;color:#64748b;margin-top:-16px;\"><em>Le 3 dimensioni del burnout secondo la definizione dell&#8217;OMS (ICD-11, 2019).<\/em><\/p>\n<h2>Burnout o semplice stress da lavoro? Le differenze<\/h2>\n<p>\u00c8 importante non confondere il burnout con un periodo di stress lavorativo, per quanto intenso. Lo stress acuto tende a risolversi con il riposo e con la fine del carico di lavoro che lo ha causato; il burnout, invece, si sviluppa in modo progressivo, nell&#8217;arco di mesi o anni, e resta specifico dell&#8217;ambito professionale: l&#8217;OMS stessa precisa che il termine non dovrebbe essere usato per descrivere difficolt\u00e0 vissute in altri ambiti della vita. Se ti riconosci in una fase pi\u00f9 iniziale, pu\u00f2 esserti utile l&#8217;articolo su <a href=\"https:\/\/martinafino.it\/en\/stress-lavoro-sintomi-e-soluzioni\/\">stress da lavoro: sintomi e soluzioni<\/a>.<\/p>\n<h2>Quali sono i segnali da non sottovalutare?<\/h2>\n<p>Chi attraversa un burnout pu\u00f2 riconoscere in s\u00e9:<\/p>\n<ul>\n<li>Stanchezza cronica, anche al risveglio<\/li>\n<li>Irritabilit\u00e0 o insofferenza verso colleghi, clienti o pazienti<\/li>\n<li>Cinismo, disillusione verso il proprio ruolo o la propria azienda<\/li>\n<li>Difficolt\u00e0 di concentrazione e calo delle prestazioni<\/li>\n<li>Sintomi fisici come mal di testa, disturbi del sonno o problemi gastrointestinali<\/li>\n<li>Sensazione di inadeguatezza, anche a fronte di risultati oggettivamente validi<\/li>\n<\/ul>\n<p>Se questi segnali persistono per settimane e interferiscono con la vita quotidiana, pu\u00f2 essere utile parlarne con un professionista.<\/p>\n<h2>Chi \u00e8 pi\u00f9 a rischio di burnout?<\/h2>\n<p>Il fenomeno non riguarda solo dirigenti o professioni ad alta responsabilit\u00e0. In Italia, secondo i dati riportati dagli osservatori sulla sicurezza sul lavoro, le professioni maggiormente esposte includono quelle sanitarie, educative, di assistenza e pi\u00f9 in generale i lavori caratterizzati da forte carico emotivo, ritmi elevati e scarso riconoscimento. Anche genitori impegnati in un doppio carico, tra lavoro e cura familiare, possono sperimentare una forma di esaurimento assimilabile.<\/p>\n<h2>Come si affronta il burnout in un percorso di psicoterapia<\/h2>\n<p>Un percorso terapeutico mirato pu\u00f2 aiutare a:<\/p>\n<ul>\n<li>Riconoscere i primi segnali prima che il quadro si aggravi<\/li>\n<li>Comprendere quali dinamiche personali e lavorative alimentano l&#8217;esaurimento<\/li>\n<li>Recuperare consapevolezza e contatto con i propri bisogni, un principio cardine dell&#8217;approccio gestaltico<\/li>\n<li>Sviluppare strategie concrete di gestione dello stress, anche attraverso tecniche di rilassamento come il <strong>Autogenic training<\/strong><\/li>\n<li>Nei casi in cui il burnout si intrecci con vissuti traumatici legati al lavoro (mobbing, eventi critici), valutare un lavoro specifico con l&#8217;<a href=\"https:\/\/martinafino.it\/en\/emdr-cose-e-a-cosa-serve\/\">EMDR<\/a><\/li>\n<\/ul>\n<p>Un percorso non punta solo a \u201cresistere meglio\u201d al carico di lavoro, ma a ristabilire un equilibrio pi\u00f9 autentico tra le proprie energie, i propri valori e le richieste dell&#8217;ambiente professionale. Quando spostarsi in studio \u00e8 complicato, \u00e8 possibile lavorare anche a distanza: ne parlo nell&#8217;articolo su <a href=\"https:\/\/martinafino.it\/en\/terapia-online-come-funziona-quando-e-indicata-e-quali-sono-i-limiti\/\">come funziona la terapia online<\/a>.<\/p>\n<h2>Domande frequenti sul burnout<\/h2>\n<h3>Il burnout \u00e8 considerato una malattia?<\/h3>\n<p>No. L&#8217;OMS lo classifica come fenomeno occupazionale, non come condizione medica, ma pu\u00f2 comunque avere un impatto significativo sul benessere psicofisico e giustificare un percorso di supporto.<\/p>\n<h3>Quanto dura un percorso di psicoterapia per il burnout?<\/h3>\n<p>Varia da persona a persona, in base alla gravit\u00e0 del quadro e agli obiettivi condivisi con il terapeuta. Alcuni benefici possono emergere gi\u00e0 nelle prime settimane, mentre un consolidamento duraturo richiede in genere alcuni mesi di lavoro continuativo.<\/p>\n<h3>\u00c8 possibile riprendersi dal burnout senza cambiare lavoro?<\/h3>\n<p>In molti casi s\u00ec: il percorso terapeutico lavora prima di tutto sulla persona, sulle sue risorse e sui suoi limiti, ed \u00e8 spesso possibile ritrovare un equilibrio anche restando nello stesso contesto lavorativo, con eventuali aggiustamenti concordati.<\/p>\n<h3>Dove posso rivolgermi per il burnout a Firenze?<\/h3>\n<p>\u00c8 possibile richiedere un primo colloquio conoscitivo con uno psicoterapeuta specializzato, anche solo per capire se e come \u00e8 utile intraprendere un percorso.<\/p>\n<h2>In sintesi<\/h2>\n<ul>\n<li>Il burnout \u00e8 una sindrome legata allo stress lavorativo cronico, riconosciuta dall&#8217;OMS nell&#8217;ICD-11 come fenomeno occupazionale<\/li>\n<li>Si manifesta con esaurimento, distacco\/cinismo e calo di efficacia professionale<\/li>\n<li>Va distinto dal semplice stress: si sviluppa in modo progressivo e riguarda solo l&#8217;ambito lavorativo<\/li>\n<li>Un percorso di psicoterapia pu\u00f2 aiutare a riconoscerlo, comprenderne le cause e ritrovare equilibrio<\/li>\n<\/ul>\n<h2>Un percorso su misura con la Dott.ssa Martina Fino a Firenze<\/h2>\n<p>I am <strong>Martina Fino<\/strong>, psicologa e psicoterapeuta iscritta all&#8217;Albo degli Psicologi della Toscana (n. 5767), laureata in Psicologia Clinica e della Salute all&#8217;Universit\u00e0 degli Studi di Firenze. Nel mio lavoro, maturato anche nell&#8217;ambito della psichiatria dell&#8217;ASL di Firenze e del sostegno psiconcologico presso l&#8217;Ospedale di Careggi, mi occupo di ansia, stress, burnout, difficolt\u00e0 relazionali e momenti di transizione, con un approccio integrato che unisce la psicoterapia della Gestalt, tecniche cognitivo-comportamentali, EMDR e Training Autogeno.<\/p>\n<p>I receive in the studio at <strong>Firenze, in Via Tommaso Campanella (zona Campo di Marte \u2013 Coverciano)<\/strong>, facilmente raggiungibile con le linee bus 10, 17, 20, 31, 32, e offro anche sedute online per chi vive fuori citt\u00e0 o in altre zone della Toscana.<\/p>\n<p>Se ti riconosci in alcuni dei segnali descritti in questo articolo, non aspettare che la situazione peggiori: <a href=\"https:\/\/martinafino.it\/en\/contatti\/\"><strong>contattami per un primo colloquio conoscitivo, senza impegno<\/strong><\/a>.<\/p>\n<ul>\n<li>\ud83d\udcde Telefono\/WhatsApp: <a href=\"tel:+393926931473\">392 693 1473<\/a><\/li>\n<li>\u2709\ufe0f Email: <a href=\"mailto:fino.martina@gmail.com\">fino.martina@gmail.com<\/a><\/li>\n<li>\ud83d\udccd Studio: Via Tommaso Campanella 5, 50136 Firenze<\/li>\n<\/ul>\n<h2>Fonti<\/h2>\n<ul>\n<li>Organizzazione Mondiale della Sanit\u00e0 (OMS) \u2013 <a href=\"https:\/\/www.who.int\/news\/item\/28-05-2019-burn-out-an-occupational-phenomenon-international-classification-of-diseases\" target=\"_blank\" rel=\"noopener nofollow\">Burn-out an \u201coccupational phenomenon\u201d: International Classification of Diseases<\/a><\/li>\n<li>Bollettino ADAPT \u2013 <a href=\"https:\/\/www.bollettinoadapt.it\/il-burnout-inserito-nellinternational-classification-of-diseases-icd11-dallorganizzazione-mondiale-della-sanita\/\" target=\"_blank\" rel=\"noopener nofollow\">Il burnout inserito nell&#8217;ICD-11 dall&#8217;OMS<\/a><\/li>\n<li>Regione Emilia-Romagna, Sicurezza nei luoghi di lavoro \u2013 <a href=\"https:\/\/www.regione.emilia-romagna.it\/sicurezza-nei-luoghi-di-lavoro\/riviste-specializzate\/2019\/il-burnout-e-un-fenomeno-occupazionale-la-conferma-dell2019oms\" target=\"_blank\" rel=\"noopener nofollow\">Il burnout \u00e8 un fenomeno occupazionale: la conferma dell&#8217;OMS<\/a><\/li>\n<\/ul>\n<aside class=\"mf-author-box\" style=\"margin:40px 0 0;padding:24px;border:1px solid #e2e8f0;border-left:4px solid #1a4d80;border-radius:12px;background:#f8fafc;\">\n<p style=\"margin:0 0 8px;font-size:0.85rem;letter-spacing:.06em;text-transform:uppercase;color:#64748b;\">Scritto da<\/p>\n<p style=\"margin:0 0 10px;font-size:1.15rem;font-weight:700;color:#1a4d80;\">Dr. Martina Fino<\/p>\n<p style=\"margin:0 0 10px;color:#334155;\">Psicologa e psicoterapeuta a Firenze, iscritta all&#8217;Albo degli Psicologi della Toscana n. 5767. Laureata in Psicologia Clinica e della Salute all&#8217;Universit\u00e0 degli Studi di Firenze e specializzata in Psicoterapia della Gestalt ed EMDR. Ha maturato esperienza nel settore della psichiatria della ASL di Firenze e nel sostegno psiconcologico presso l&#8217;Ospedale di Careggi.<\/p>\n<p style=\"margin:0;\"><a href=\"https:\/\/martinafino.it\/en\/psicologo-firenze\/psicologa-firenze\/\">Profilo completo<\/a> &middot; <a href=\"https:\/\/martinafino.it\/en\/contatti\/\">Contacts<\/a><\/p>\n<p style=\"margin:14px 0 0;font-size:0.85rem;color:#64748b;\"><em>Questo articolo ha finalit\u00e0 informativa e non sostituisce una valutazione o una consulenza psicologica personalizzata.<\/em><\/p>\n<\/aside>","protected":false},"excerpt":{"rendered":"<p>Burnout: sintomi, cause e differenza con lo stress. Come affrontarlo con un percorso di psicoterapia a Firenze, zona Campo di Marte.<\/p>","protected":false},"author":4,"featured_media":32971,"comment_status":"closed","ping_status":"open","sticky":false,"template":"","format":"standard","meta":{"footnotes":""},"categories":[260],"tags":[],"class_list":["post-32968","post","type-post","status-publish","format-standard","has-post-thumbnail","category-psicologo-firenze-la-psicologia-si-cura-di-te"],"yoast_head":"<!-- This site is optimized with the Yoast SEO Premium plugin v28.4 (Yoast SEO v28.4) - https:\/\/yoast.com\/product\/yoast-seo-premium-wordpress\/ -->\n<title>Burnout: sintomi, cause e psicoterapia a Firenze | Dott.ssa Martina Fino<\/title>\n<meta name=\"description\" content=\"Burnout: sintomi, cause e differenza con lo stress. Scopri come affrontarlo con un percorso di psicoterapia a Firenze, zona Campo di Marte.\" \/>\n<meta name=\"robots\" content=\"index, follow, max-snippet:-1, max-image-preview:large, max-video-preview:-1\" \/>\n<link rel=\"canonical\" href=\"https:\/\/martinafino.it\/en\/burnout-da-lavoro-cose-i-sintomi-e-come-uscirne\/\" \/>\n<meta property=\"og:locale\" content=\"en_US\" \/>\n<meta property=\"og:type\" content=\"article\" \/>\n<meta property=\"og:title\" content=\"Burnout: cos&#039;\u00e8, sintomi e come uscirne con l&#039;aiuto di uno psicoterapeuta a Firenze\" \/>\n<meta property=\"og:description\" content=\"Psicologo Psicoterapeuta Firenze Dott. ssa Martina Fino\" \/>\n<meta property=\"og:url\" content=\"https:\/\/martinafino.it\/en\/burnout-da-lavoro-cose-i-sintomi-e-come-uscirne\/\" \/>\n<meta property=\"og:site_name\" content=\"Psicologo Psicoterapeuta Firenze Martina Fino\" \/>\n<meta property=\"article:publisher\" content=\"https:\/\/m.facebook.com\/psicologafirenze\" \/>\n<meta property=\"article:author\" content=\"https:\/\/m.facebook.com\/psicologafirenze\" \/>\n<meta property=\"article:published_time\" content=\"2026-09-01T07:46:26+00:00\" \/>\n<meta property=\"article:modified_time\" content=\"2026-09-01T15:38:08+00:00\" \/>\n<meta property=\"og:image\" content=\"https:\/\/martinafino.it\/wp-content\/uploads\/2026\/09\/Burnout-da-lavoro.jpg\" \/>\n\t<meta property=\"og:image:width\" content=\"1280\" \/>\n\t<meta property=\"og:image:height\" content=\"853\" \/>\n\t<meta property=\"og:image:type\" content=\"image\/jpeg\" \/>\n<meta name=\"author\" content=\"Martina Fino\" \/>\n<meta name=\"twitter:card\" content=\"summary_large_image\" \/>\n<meta name=\"twitter:label1\" content=\"Written by\" \/>\n\t<meta name=\"twitter:data1\" content=\"Martina Fino\" \/>\n\t<meta name=\"twitter:label2\" content=\"Est. reading time\" \/>\n\t<meta name=\"twitter:data2\" content=\"6 minutes\" \/>\n<script type=\"application\/ld+json\" class=\"yoast-schema-graph\">{\"@context\":\"https:\\\/\\\/schema.org\",\"@graph\":[{\"@type\":\"Article\",\"@id\":\"https:\\\/\\\/martinafino.it\\\/burnout-da-lavoro-cose-i-sintomi-e-come-uscirne\\\/#article\",\"isPartOf\":{\"@id\":\"https:\\\/\\\/martinafino.it\\\/burnout-da-lavoro-cose-i-sintomi-e-come-uscirne\\\/\"},\"author\":{\"name\":\"Martina Fino\",\"@id\":\"https:\\\/\\\/martinafino.it\\\/#\\\/schema\\\/person\\\/7c84523521b3f91c7543e655d9a95a7e\"},\"headline\":\"Burnout: cos&#8217;\u00e8, sintomi e come uscirne con l&#8217;aiuto di uno psicoterapeuta a Firenze\",\"datePublished\":\"2026-09-01T07:46:26+00:00\",\"dateModified\":\"2026-09-01T15:38:08+00:00\",\"mainEntityOfPage\":{\"@id\":\"https:\\\/\\\/martinafino.it\\\/burnout-da-lavoro-cose-i-sintomi-e-come-uscirne\\\/\"},\"wordCount\":1185,\"publisher\":{\"@id\":\"https:\\\/\\\/martinafino.it\\\/#\\\/schema\\\/person\\\/7c84523521b3f91c7543e655d9a95a7e\"},\"image\":{\"@id\":\"https:\\\/\\\/martinafino.it\\\/burnout-da-lavoro-cose-i-sintomi-e-come-uscirne\\\/#primaryimage\"},\"thumbnailUrl\":\"https:\\\/\\\/martinafino.it\\\/wp-content\\\/uploads\\\/2026\\\/09\\\/Burnout-da-lavoro.jpg\",\"articleSection\":[\"La Psicologia si cura di te\"],\"inLanguage\":\"en-US\"},{\"@type\":\"WebPage\",\"@id\":\"https:\\\/\\\/martinafino.it\\\/burnout-da-lavoro-cose-i-sintomi-e-come-uscirne\\\/\",\"url\":\"https:\\\/\\\/martinafino.it\\\/burnout-da-lavoro-cose-i-sintomi-e-come-uscirne\\\/\",\"name\":\"Burnout: sintomi, cause e psicoterapia a Firenze | Dott.ssa Martina Fino\",\"isPartOf\":{\"@id\":\"https:\\\/\\\/martinafino.it\\\/#website\"},\"primaryImageOfPage\":{\"@id\":\"https:\\\/\\\/martinafino.it\\\/burnout-da-lavoro-cose-i-sintomi-e-come-uscirne\\\/#primaryimage\"},\"image\":{\"@id\":\"https:\\\/\\\/martinafino.it\\\/burnout-da-lavoro-cose-i-sintomi-e-come-uscirne\\\/#primaryimage\"},\"thumbnailUrl\":\"https:\\\/\\\/martinafino.it\\\/wp-content\\\/uploads\\\/2026\\\/09\\\/Burnout-da-lavoro.jpg\",\"datePublished\":\"2026-09-01T07:46:26+00:00\",\"dateModified\":\"2026-09-01T15:38:08+00:00\",\"description\":\"Burnout: sintomi, cause e differenza con lo stress. Scopri come affrontarlo con un percorso di psicoterapia a Firenze, zona Campo di Marte.\",\"inLanguage\":\"en-US\",\"potentialAction\":[{\"@type\":\"ReadAction\",\"target\":[\"https:\\\/\\\/martinafino.it\\\/burnout-da-lavoro-cose-i-sintomi-e-come-uscirne\\\/\"]}]},{\"@type\":\"ImageObject\",\"inLanguage\":\"en-US\",\"@id\":\"https:\\\/\\\/martinafino.it\\\/burnout-da-lavoro-cose-i-sintomi-e-come-uscirne\\\/#primaryimage\",\"url\":\"https:\\\/\\\/martinafino.it\\\/wp-content\\\/uploads\\\/2026\\\/09\\\/Burnout-da-lavoro.jpg\",\"contentUrl\":\"https:\\\/\\\/martinafino.it\\\/wp-content\\\/uploads\\\/2026\\\/09\\\/Burnout-da-lavoro.jpg\",\"width\":1280,\"height\":853,\"caption\":\"Foto: Microbiz Mag (CC BY 2.0, Wikimedia Commons) \u2013 credit: microbizmag.co.uk\"},{\"@type\":\"WebSite\",\"@id\":\"https:\\\/\\\/martinafino.it\\\/#website\",\"url\":\"https:\\\/\\\/martinafino.it\\\/\",\"name\":\"Psicologo Psicoterapeuta Firenze Martina Fino\",\"description\":\"La psicologia si-cura di te\",\"publisher\":{\"@id\":\"https:\\\/\\\/martinafino.it\\\/#\\\/schema\\\/person\\\/7c84523521b3f91c7543e655d9a95a7e\"},\"potentialAction\":[{\"@type\":\"SearchAction\",\"target\":{\"@type\":\"EntryPoint\",\"urlTemplate\":\"https:\\\/\\\/martinafino.it\\\/?s={search_term_string}\"},\"query-input\":{\"@type\":\"PropertyValueSpecification\",\"valueRequired\":true,\"valueName\":\"search_term_string\"}}],\"inLanguage\":\"en-US\"},{\"@type\":[\"Person\",\"Organization\"],\"@id\":\"https:\\\/\\\/martinafino.it\\\/#\\\/schema\\\/person\\\/7c84523521b3f91c7543e655d9a95a7e\",\"name\":\"Martina Fino\",\"image\":{\"@type\":\"ImageObject\",\"inLanguage\":\"en-US\",\"@id\":\"https:\\\/\\\/martinafino.it\\\/wp-content\\\/uploads\\\/2018\\\/10\\\/Psicologo-Firenze-400x300.jpg\",\"url\":\"https:\\\/\\\/martinafino.it\\\/wp-content\\\/uploads\\\/2018\\\/10\\\/Psicologo-Firenze-400x300.jpg\",\"contentUrl\":\"https:\\\/\\\/martinafino.it\\\/wp-content\\\/uploads\\\/2018\\\/10\\\/Psicologo-Firenze-400x300.jpg\",\"width\":400,\"height\":300,\"caption\":\"Martina Fino\"},\"logo\":{\"@id\":\"https:\\\/\\\/martinafino.it\\\/wp-content\\\/uploads\\\/2018\\\/10\\\/Psicologo-Firenze-400x300.jpg\"},\"description\":\"Psicologo Psicoterapeuta Firenze Dott.ssa Martina Fino La Psicologia si-cura di te https:\\\/\\\/www.martinafino.it\",\"sameAs\":[\"https:\\\/\\\/www.martinafino.it\",\"https:\\\/\\\/m.facebook.com\\\/psicologafirenze\",\"https:\\\/\\\/it.linkedin.com\\\/in\\\/martina-fino-65b548b8\",\"https:\\\/\\\/www.pinterest.com\\\/eelfomusic\\\/psicologo-firenze-dottssa-martina-fino\\\/\"],\"gender\":\"donna\",\"knowsAbout\":[\"Psicologo Psicoterapeuta Firenze\"],\"knowsLanguage\":[\"italiano\",\"inglese\"],\"jobTitle\":\"Psicologo Psicoterapeuta Firenze\",\"worksFor\":\"Psicologo Psicoterapeuta Firenze Dott. ssa Martina Fino\",\"url\":\"https:\\\/\\\/martinafino.it\\\/en\\\/author\\\/martina-fino-psicologo-firenze\\\/\"}]}<\/script>\n<!-- \/ Yoast SEO Premium plugin. -->","yoast_head_json":{"title":"Burnout: sintomi, cause e psicoterapia a Firenze | Dott.ssa Martina Fino","description":"Burnout: sintomi, cause e differenza con lo stress. Scopri come affrontarlo con un percorso di psicoterapia a Firenze, zona Campo di Marte.","robots":{"index":"index","follow":"follow","max-snippet":"max-snippet:-1","max-image-preview":"max-image-preview:large","max-video-preview":"max-video-preview:-1"},"canonical":"https:\/\/martinafino.it\/en\/burnout-da-lavoro-cose-i-sintomi-e-come-uscirne\/","og_locale":"en_US","og_type":"article","og_title":"Burnout: cos'\u00e8, sintomi e come uscirne con l'aiuto di uno psicoterapeuta a Firenze","og_description":"Psicologo Psicoterapeuta Firenze Dott. ssa Martina Fino","og_url":"https:\/\/martinafino.it\/en\/burnout-da-lavoro-cose-i-sintomi-e-come-uscirne\/","og_site_name":"Psicologo Psicoterapeuta Firenze Martina Fino","article_publisher":"https:\/\/m.facebook.com\/psicologafirenze","article_author":"https:\/\/m.facebook.com\/psicologafirenze","article_published_time":"2026-09-01T07:46:26+00:00","article_modified_time":"2026-09-01T15:38:08+00:00","og_image":[{"width":1280,"height":853,"url":"https:\/\/martinafino.it\/wp-content\/uploads\/2026\/09\/Burnout-da-lavoro.jpg","type":"image\/jpeg"}],"author":"Martina Fino","twitter_card":"summary_large_image","twitter_misc":{"Written by":"Martina Fino","Est. reading time":"6 minutes"},"schema":{"@context":"https:\/\/schema.org","@graph":[{"@type":"Article","@id":"https:\/\/martinafino.it\/burnout-da-lavoro-cose-i-sintomi-e-come-uscirne\/#article","isPartOf":{"@id":"https:\/\/martinafino.it\/burnout-da-lavoro-cose-i-sintomi-e-come-uscirne\/"},"author":{"name":"Martina Fino","@id":"https:\/\/martinafino.it\/#\/schema\/person\/7c84523521b3f91c7543e655d9a95a7e"},"headline":"Burnout: cos&#8217;\u00e8, sintomi e come uscirne con l&#8217;aiuto di uno psicoterapeuta a Firenze","datePublished":"2026-09-01T07:46:26+00:00","dateModified":"2026-09-01T15:38:08+00:00","mainEntityOfPage":{"@id":"https:\/\/martinafino.it\/burnout-da-lavoro-cose-i-sintomi-e-come-uscirne\/"},"wordCount":1185,"publisher":{"@id":"https:\/\/martinafino.it\/#\/schema\/person\/7c84523521b3f91c7543e655d9a95a7e"},"image":{"@id":"https:\/\/martinafino.it\/burnout-da-lavoro-cose-i-sintomi-e-come-uscirne\/#primaryimage"},"thumbnailUrl":"https:\/\/martinafino.it\/wp-content\/uploads\/2026\/09\/Burnout-da-lavoro.jpg","articleSection":["La Psicologia si cura di te"],"inLanguage":"en-US"},{"@type":"WebPage","@id":"https:\/\/martinafino.it\/burnout-da-lavoro-cose-i-sintomi-e-come-uscirne\/","url":"https:\/\/martinafino.it\/burnout-da-lavoro-cose-i-sintomi-e-come-uscirne\/","name":"Burnout: sintomi, cause e psicoterapia a Firenze | Dott.ssa Martina Fino","isPartOf":{"@id":"https:\/\/martinafino.it\/#website"},"primaryImageOfPage":{"@id":"https:\/\/martinafino.it\/burnout-da-lavoro-cose-i-sintomi-e-come-uscirne\/#primaryimage"},"image":{"@id":"https:\/\/martinafino.it\/burnout-da-lavoro-cose-i-sintomi-e-come-uscirne\/#primaryimage"},"thumbnailUrl":"https:\/\/martinafino.it\/wp-content\/uploads\/2026\/09\/Burnout-da-lavoro.jpg","datePublished":"2026-09-01T07:46:26+00:00","dateModified":"2026-09-01T15:38:08+00:00","description":"Burnout: sintomi, cause e differenza con lo stress. Scopri come affrontarlo con un percorso di psicoterapia a Firenze, zona Campo di Marte.","inLanguage":"en-US","potentialAction":[{"@type":"ReadAction","target":["https:\/\/martinafino.it\/burnout-da-lavoro-cose-i-sintomi-e-come-uscirne\/"]}]},{"@type":"ImageObject","inLanguage":"en-US","@id":"https:\/\/martinafino.it\/burnout-da-lavoro-cose-i-sintomi-e-come-uscirne\/#primaryimage","url":"https:\/\/martinafino.it\/wp-content\/uploads\/2026\/09\/Burnout-da-lavoro.jpg","contentUrl":"https:\/\/martinafino.it\/wp-content\/uploads\/2026\/09\/Burnout-da-lavoro.jpg","width":1280,"height":853,"caption":"Foto: Microbiz Mag (CC BY 2.0, Wikimedia Commons) \u2013 credit: microbizmag.co.uk"},{"@type":"WebSite","@id":"https:\/\/martinafino.it\/#website","url":"https:\/\/martinafino.it\/","name":"Martina Fino, Psychologist and Psychotherapist in Florence","description":"Psychology takes care of you","publisher":{"@id":"https:\/\/martinafino.it\/#\/schema\/person\/7c84523521b3f91c7543e655d9a95a7e"},"potentialAction":[{"@type":"SearchAction","target":{"@type":"EntryPoint","urlTemplate":"https:\/\/martinafino.it\/?s={search_term_string}"},"query-input":{"@type":"PropertyValueSpecification","valueRequired":true,"valueName":"search_term_string"}}],"inLanguage":"en-US"},{"@type":["Person","Organization"],"@id":"https:\/\/martinafino.it\/#\/schema\/person\/7c84523521b3f91c7543e655d9a95a7e","name":"Martina Fino","image":{"@type":"ImageObject","inLanguage":"en-US","@id":"https:\/\/martinafino.it\/wp-content\/uploads\/2018\/10\/Psicologo-Firenze-400x300.jpg","url":"https:\/\/martinafino.it\/wp-content\/uploads\/2018\/10\/Psicologo-Firenze-400x300.jpg","contentUrl":"https:\/\/martinafino.it\/wp-content\/uploads\/2018\/10\/Psicologo-Firenze-400x300.jpg","width":400,"height":300,"caption":"Martina Fino"},"logo":{"@id":"https:\/\/martinafino.it\/wp-content\/uploads\/2018\/10\/Psicologo-Firenze-400x300.jpg"},"description":"Psychologist Psychotherapist Florence Dr. Martina Fino Psychology takes care of you https:\/\/www.martinafino.it","sameAs":["https:\/\/www.martinafino.it","https:\/\/m.facebook.com\/psicologafirenze","https:\/\/it.linkedin.com\/in\/martina-fino-65b548b8","https:\/\/www.pinterest.com\/eelfomusic\/psicologo-firenze-dottssa-martina-fino\/"],"gender":"donna","knowsAbout":["Psicologo Psicoterapeuta Firenze"],"knowsLanguage":["italiano","inglese"],"jobTitle":"Psicologo Psicoterapeuta Firenze","worksFor":"Psicologo Psicoterapeuta Firenze Dott. ssa Martina Fino","url":"https:\/\/martinafino.it\/en\/author\/martina-fino-psicologo-firenze\/"}]}},"menu_order":0,"_links":{"self":[{"href":"https:\/\/martinafino.it\/en\/wp-json\/wp\/v2\/posts\/32968","targetHints":{"allow":["GET"]}}],"collection":[{"href":"https:\/\/martinafino.it\/en\/wp-json\/wp\/v2\/posts"}],"about":[{"href":"https:\/\/martinafino.it\/en\/wp-json\/wp\/v2\/types\/post"}],"author":[{"embeddable":true,"href":"https:\/\/martinafino.it\/en\/wp-json\/wp\/v2\/users\/4"}],"replies":[{"embeddable":true,"href":"https:\/\/martinafino.it\/en\/wp-json\/wp\/v2\/comments?post=32968"}],"version-history":[{"count":8,"href":"https:\/\/martinafino.it\/en\/wp-json\/wp\/v2\/posts\/32968\/revisions"}],"predecessor-version":[{"id":33102,"href":"https:\/\/martinafino.it\/en\/wp-json\/wp\/v2\/posts\/32968\/revisions\/33102"}],"wp:featuredmedia":[{"embeddable":true,"href":"https:\/\/martinafino.it\/en\/wp-json\/wp\/v2\/media\/32971"}],"wp:attachment":[{"href":"https:\/\/martinafino.it\/en\/wp-json\/wp\/v2\/media?parent=32968"}],"wp:term":[{"taxonomy":"category","embeddable":true,"href":"https:\/\/martinafino.it\/en\/wp-json\/wp\/v2\/categories?post=32968"},{"taxonomy":"post_tag","embeddable":true,"href":"https:\/\/martinafino.it\/en\/wp-json\/wp\/v2\/tags?post=32968"}],"curies":[{"name":"wp","href":"https:\/\/api.w.org\/{rel}","templated":true}]}}