{"id":32967,"date":"2026-09-01T09:46:24","date_gmt":"2026-09-01T07:46:24","guid":{"rendered":"https:\/\/martinafino.it\/?p=32967"},"modified":"2026-09-01T17:38:51","modified_gmt":"2026-09-01T15:38:51","slug":"ansia-da-prestazione-lavorativa-sintomi-cause-e-come-affrontarla","status":"publish","type":"post","link":"https:\/\/martinafino.it\/en\/ansia-da-prestazione-lavorativa-sintomi-cause-e-come-affrontarla\/","title":{"rendered":"Ansia da Prestazione Lavorativa: Sintomi, Cause e Come Affrontarla"},"content":{"rendered":"<p>Ti capita di sentirti eccessivamente teso prima di una riunione importante, una presentazione o una valutazione al lavoro, al punto da avere il cuore che batte forte, le mani che sudano o la mente che si blocca? Potrebbe trattarsi di <strong>ansia da prestazione lavorativa<\/strong>, una forma di ansia molto comune legata al timore di essere giudicati o di non essere all&#8217;altezza.<\/p>\n<h2>Cos&#8217;\u00e8 l&#8217;ansia da prestazione<\/h2>\n<p>L&#8217;ansia da prestazione non \u00e8 un disturbo a s\u00e9, ma una manifestazione d&#8217;ansia che emerge in situazioni valutative: un colloquio di lavoro, una presentazione in pubblico, una scadenza importante, un esame o una verifica delle proprie competenze. \u00c8 diversa dal semplice nervosismo occasionale: quando \u00e8 persistente, sproporzionata rispetto alla situazione reale, o inizia a condizionare le scelte lavorative (evitare riunioni, rimandare progetti, rifiutare promozioni), \u00e8 utile iniziare a prestarci attenzione.<\/p>\n<h2>I sintomi pi\u00f9 comuni<\/h2>\n<ul>\n<li>Sintomi fisici: tachicardia, sudorazione, tensione muscolare, tremore, difficolt\u00e0 respiratorie, disturbi del sonno nei giorni precedenti l&#8217;evento<\/li>\n<li>Sintomi cognitivi: pensieri catastrofici (\u201cnon ce la far\u00f2\u201d, \u201cpenseranno che sono incapace\u201d), difficolt\u00e0 di concentrazione, vuoti di memoria improvvisi<\/li>\n<li>Sintomi comportamentali: evitamento della situazione, procrastinazione, eccessiva preparazione compensatoria, ricerca costante di rassicurazione<\/li>\n<\/ul>\n<div style=\"display:flex;flex-wrap:wrap;gap:16px;margin:28px 0;\">\n<div style=\"flex:1;min-width:200px;background:#f8fafc;border-left:4px solid #a0ce4e;border-radius:8px;padding:16px 20px;\">\n<div style=\"font-size:1.8rem;\">\ud83d\udc93<\/div>\n<h4 style=\"margin:8px 0 6px;color:#1a4d80;\">Fisici<\/h4>\n<p style=\"margin:0;font-size:0.95rem;color:#334155;\">Tachicardia, sudorazione, tensione muscolare, tremore, disturbi del sonno<\/p>\n<\/div>\n<div style=\"flex:1;min-width:200px;background:#f8fafc;border-left:4px solid #a0ce4e;border-radius:8px;padding:16px 20px;\">\n<div style=\"font-size:1.8rem;\">\ud83e\udde0<\/div>\n<h4 style=\"margin:8px 0 6px;color:#1a4d80;\">Cognitivi<\/h4>\n<p style=\"margin:0;font-size:0.95rem;color:#334155;\">Pensieri catastrofici, difficolt\u00e0 di concentrazione, vuoti di memoria<\/p>\n<\/div>\n<div style=\"flex:1;min-width:200px;background:#f8fafc;border-left:4px solid #a0ce4e;border-radius:8px;padding:16px 20px;\">\n<div style=\"font-size:1.8rem;\">\ud83d\udeb6<\/div>\n<h4 style=\"margin:8px 0 6px;color:#1a4d80;\">Comportamentali<\/h4>\n<p style=\"margin:0;font-size:0.95rem;color:#334155;\">Evitamento, procrastinazione, iper-preparazione, ricerca di rassicurazione<\/p>\n<\/div>\n<\/div>\n<h2>Da cosa dipende<\/h2>\n<p>Le cause sono quasi sempre multiple e si intrecciano tra loro:<\/p>\n<ul>\n<li>Un forte perfezionismo o standard personali molto elevati<\/li>\n<li>Esperienze passate di giudizio, critica o fallimento vissute come significative<\/li>\n<li>Bassa autostima o insicurezza nelle proprie competenze, anche quando non oggettivamente giustificata<\/li>\n<li>Un ambiente di lavoro competitivo o poco supportivo, che amplifica la paura del giudizio altrui<\/li>\n<\/ul>\n<h2>Come affrontarla: strategie che funzionano<\/h2>\n<p>Alcune strategie pratiche possono aiutare a gestire l&#8217;ansia da prestazione nel quotidiano:<\/p>\n<ul>\n<li><strong>Tecniche di respirazione e rilassamento<\/strong> (come il training autogeno) da usare nei minuti precedenti la situazione temuta<\/li>\n<li><strong>Ristrutturazione cognitiva<\/strong>: imparare a riconoscere i pensieri automatici catastrofici e a sostituirli con valutazioni pi\u00f9 realistiche<\/li>\n<li><strong>Esposizione graduale<\/strong>: affrontare progressivamente le situazioni evitate, partendo da quelle meno temute<\/li>\n<li><strong>Preparazione realistica<\/strong>, senza cadere nella iper-preparazione compensatoria che, paradossalmente, alimenta l&#8217;ansia<\/li>\n<\/ul>\n<p>Quando l&#8217;ansia da prestazione \u00e8 pi\u00f9 intensa, radicata o compromette in modo significativo la vita lavorativa, un percorso di <a href=\"https:\/\/martinafino.it\/en\/psicoterapia-firenze\/\">psychotherapy<\/a> pu\u00f2 aiutare a lavorare sulle radici pi\u00f9 profonde del problema, non solo sui sintomi.<\/p>\n<h2>Frequent use<\/h2>\n<h3>L&#8217;ansia da prestazione \u00e8 la stessa cosa di un attacco di panico?<\/h3>\n<p>No: sono due fenomeni diversi, anche se possono presentarsi insieme. L&#8217;ansia da prestazione \u00e8 legata a una situazione valutativa specifica, mentre <a href=\"https:\/\/martinafino.it\/en\/attacchi-di-panico-firenze\/\">l&#8217;attacco di panico<\/a> pu\u00f2 manifestarsi anche senza un fattore scatenante identificabile e con un&#8217;intensit\u00e0 improvvisa maggiore.<\/p>\n<h3>\u00c8 normale provare un po&#8217; di ansia prima di una prestazione importante?<\/h3>\n<p>S\u00ec, un livello moderato di attivazione \u00e8 fisiologico e pu\u00f2 persino migliorare la performance. Diventa un problema quando l&#8217;ansia \u00e8 cos\u00ec intensa da ostacolare, invece che favorire, la prestazione stessa.<\/p>\n<h3>Quanto tempo serve per vedere dei miglioramenti?<\/h3>\n<p>Dipende dalla persona e dalla situazione specifica: alcune strategie pratiche danno sollievo gi\u00e0 nelle prime settimane, mentre un lavoro pi\u00f9 profondo su perfezionismo e autostima richiede in genere un percorso pi\u00f9 strutturato nel tempo.<\/p>\n<h3>Si pu\u00f2 affrontare anche online?<\/h3>\n<p>S\u00ec, l&#8217;ansia da prestazione lavorativa \u00e8 tra le situazioni per cui la <a href=\"https:\/\/martinafino.it\/en\/terapia-online-come-funziona-quando-e-indicata-e-quali-sono-i-limiti\/\">terapia online<\/a> si presta bene, soprattutto per chi ha orari di lavoro rigidi o vive fuori Firenze.<\/p>\n<h2>Non affrontarla da sola\/o<\/h2>\n<p>Se ti riconosci in questi segnali, non significa che ci sia qualcosa di \u201csbagliato\u201d in te: \u00e8 un pattern che si pu\u00f2 imparare a modificare. <a href=\"https:\/\/martinafino.it\/en\/contatti\/\">Contact me<\/a> per un primo colloquio conoscitivo, in studio a Firenze o online.<\/p>\n<aside class=\"mf-author-box\" style=\"margin:40px 0 0;padding:24px;border:1px solid #e2e8f0;border-left:4px solid #1a4d80;border-radius:12px;background:#f8fafc;\">\n<p style=\"margin:0 0 8px;font-size:0.85rem;letter-spacing:.06em;text-transform:uppercase;color:#64748b;\">Scritto da<\/p>\n<p style=\"margin:0 0 10px;font-size:1.15rem;font-weight:700;color:#1a4d80;\">Dr. Martina Fino<\/p>\n<p style=\"margin:0 0 10px;color:#334155;\">Psicologa e psicoterapeuta a Firenze, iscritta all&#8217;Albo degli Psicologi della Toscana n. 5767. Laureata in Psicologia Clinica e della Salute all&#8217;Universit\u00e0 degli Studi di Firenze e specializzata in Psicoterapia della Gestalt ed EMDR. Ha maturato esperienza nel settore della psichiatria della ASL di Firenze e nel sostegno psiconcologico presso l&#8217;Ospedale di Careggi.<\/p>\n<p style=\"margin:0;\"><a href=\"https:\/\/martinafino.it\/en\/psicologo-firenze\/psicologa-firenze\/\">Profilo completo<\/a> &middot; <a href=\"https:\/\/martinafino.it\/en\/contatti\/\">Contacts<\/a><\/p>\n<p style=\"margin:14px 0 0;font-size:0.85rem;color:#64748b;\"><em>Questo articolo ha finalit\u00e0 informativa e non sostituisce una valutazione o una consulenza psicologica personalizzata.<\/em><\/p>\n<\/aside>","protected":false},"excerpt":{"rendered":"<p>Ti capita di sentirti eccessivamente teso prima di una riunione importante, una presentazione o una valutazione al lavoro, al punto&#8230;<\/p>","protected":false},"author":4,"featured_media":32970,"comment_status":"closed","ping_status":"open","sticky":false,"template":"","format":"standard","meta":{"footnotes":""},"categories":[260],"tags":[],"class_list":["post-32967","post","type-post","status-publish","format-standard","has-post-thumbnail","category-psicologo-firenze-la-psicologia-si-cura-di-te"],"yoast_head":"<!-- This site is optimized with the Yoast SEO Premium plugin v28.4 (Yoast SEO v28.4) - https:\/\/yoast.com\/product\/yoast-seo-premium-wordpress\/ -->\n<title>Ansia da Prestazione Lavorativa: Sintomi e Rimedi<\/title>\n<meta name=\"description\" content=\"Ansia da prestazione al lavoro: come riconoscerla, le cause principali e le strategie efficaci per gestirla. Consulenza a Firenze e online.\" \/>\n<meta name=\"robots\" content=\"index, follow, max-snippet:-1, max-image-preview:large, max-video-preview:-1\" \/>\n<link rel=\"canonical\" href=\"https:\/\/martinafino.it\/en\/ansia-da-prestazione-lavorativa-sintomi-cause-e-come-affrontarla\/\" \/>\n<meta property=\"og:locale\" content=\"en_US\" \/>\n<meta property=\"og:type\" content=\"article\" \/>\n<meta property=\"og:title\" content=\"Ansia da Prestazione Lavorativa: Sintomi, Cause e Come Affrontarla\" \/>\n<meta property=\"og:description\" content=\"Psicologo Psicoterapeuta Firenze Dott. ssa Martina Fino\" \/>\n<meta property=\"og:url\" content=\"https:\/\/martinafino.it\/en\/ansia-da-prestazione-lavorativa-sintomi-cause-e-come-affrontarla\/\" \/>\n<meta property=\"og:site_name\" content=\"Psicologo Psicoterapeuta Firenze Martina Fino\" \/>\n<meta property=\"article:publisher\" content=\"https:\/\/m.facebook.com\/psicologafirenze\" \/>\n<meta property=\"article:author\" content=\"https:\/\/m.facebook.com\/psicologafirenze\" \/>\n<meta property=\"article:published_time\" content=\"2026-09-01T07:46:24+00:00\" \/>\n<meta property=\"article:modified_time\" content=\"2026-09-01T15:38:51+00:00\" \/>\n<meta property=\"og:image\" content=\"https:\/\/martinafino.it\/wp-content\/uploads\/2026\/09\/Colloquio-di-lavoro-e-ansia-da-prestazione.jpg\" \/>\n\t<meta property=\"og:image:width\" content=\"1280\" \/>\n\t<meta property=\"og:image:height\" content=\"838\" \/>\n\t<meta property=\"og:image:type\" content=\"image\/jpeg\" \/>\n<meta name=\"author\" content=\"Martina Fino\" \/>\n<meta name=\"twitter:card\" content=\"summary_large_image\" \/>\n<meta name=\"twitter:label1\" content=\"Written by\" \/>\n\t<meta name=\"twitter:data1\" content=\"Martina Fino\" \/>\n\t<meta name=\"twitter:label2\" content=\"Est. reading time\" \/>\n\t<meta name=\"twitter:data2\" content=\"3 minutes\" \/>\n<script type=\"application\/ld+json\" class=\"yoast-schema-graph\">{\"@context\":\"https:\\\/\\\/schema.org\",\"@graph\":[{\"@type\":\"Article\",\"@id\":\"https:\\\/\\\/martinafino.it\\\/ansia-da-prestazione-lavorativa-sintomi-cause-e-come-affrontarla\\\/#article\",\"isPartOf\":{\"@id\":\"https:\\\/\\\/martinafino.it\\\/ansia-da-prestazione-lavorativa-sintomi-cause-e-come-affrontarla\\\/\"},\"author\":{\"name\":\"Martina Fino\",\"@id\":\"https:\\\/\\\/martinafino.it\\\/#\\\/schema\\\/person\\\/7c84523521b3f91c7543e655d9a95a7e\"},\"headline\":\"Ansia da Prestazione Lavorativa: Sintomi, Cause e Come Affrontarla\",\"datePublished\":\"2026-09-01T07:46:24+00:00\",\"dateModified\":\"2026-09-01T15:38:51+00:00\",\"mainEntityOfPage\":{\"@id\":\"https:\\\/\\\/martinafino.it\\\/ansia-da-prestazione-lavorativa-sintomi-cause-e-come-affrontarla\\\/\"},\"wordCount\":678,\"publisher\":{\"@id\":\"https:\\\/\\\/martinafino.it\\\/#\\\/schema\\\/person\\\/7c84523521b3f91c7543e655d9a95a7e\"},\"image\":{\"@id\":\"https:\\\/\\\/martinafino.it\\\/ansia-da-prestazione-lavorativa-sintomi-cause-e-come-affrontarla\\\/#primaryimage\"},\"thumbnailUrl\":\"https:\\\/\\\/martinafino.it\\\/wp-content\\\/uploads\\\/2026\\\/09\\\/Colloquio-di-lavoro-e-ansia-da-prestazione.jpg\",\"articleSection\":[\"La Psicologia si cura di te\"],\"inLanguage\":\"en-US\"},{\"@type\":\"WebPage\",\"@id\":\"https:\\\/\\\/martinafino.it\\\/ansia-da-prestazione-lavorativa-sintomi-cause-e-come-affrontarla\\\/\",\"url\":\"https:\\\/\\\/martinafino.it\\\/ansia-da-prestazione-lavorativa-sintomi-cause-e-come-affrontarla\\\/\",\"name\":\"Ansia da Prestazione Lavorativa: Sintomi e Rimedi\",\"isPartOf\":{\"@id\":\"https:\\\/\\\/martinafino.it\\\/#website\"},\"primaryImageOfPage\":{\"@id\":\"https:\\\/\\\/martinafino.it\\\/ansia-da-prestazione-lavorativa-sintomi-cause-e-come-affrontarla\\\/#primaryimage\"},\"image\":{\"@id\":\"https:\\\/\\\/martinafino.it\\\/ansia-da-prestazione-lavorativa-sintomi-cause-e-come-affrontarla\\\/#primaryimage\"},\"thumbnailUrl\":\"https:\\\/\\\/martinafino.it\\\/wp-content\\\/uploads\\\/2026\\\/09\\\/Colloquio-di-lavoro-e-ansia-da-prestazione.jpg\",\"datePublished\":\"2026-09-01T07:46:24+00:00\",\"dateModified\":\"2026-09-01T15:38:51+00:00\",\"description\":\"Ansia da prestazione al lavoro: come riconoscerla, le cause principali e le strategie efficaci per gestirla. Consulenza a Firenze e online.\",\"inLanguage\":\"en-US\",\"potentialAction\":[{\"@type\":\"ReadAction\",\"target\":[\"https:\\\/\\\/martinafino.it\\\/ansia-da-prestazione-lavorativa-sintomi-cause-e-come-affrontarla\\\/\"]}]},{\"@type\":\"ImageObject\",\"inLanguage\":\"en-US\",\"@id\":\"https:\\\/\\\/martinafino.it\\\/ansia-da-prestazione-lavorativa-sintomi-cause-e-come-affrontarla\\\/#primaryimage\",\"url\":\"https:\\\/\\\/martinafino.it\\\/wp-content\\\/uploads\\\/2026\\\/09\\\/Colloquio-di-lavoro-e-ansia-da-prestazione.jpg\",\"contentUrl\":\"https:\\\/\\\/martinafino.it\\\/wp-content\\\/uploads\\\/2026\\\/09\\\/Colloquio-di-lavoro-e-ansia-da-prestazione.jpg\",\"width\":1280,\"height\":838,\"caption\":\"Foto: amtec_photos (CC BY-SA 2.0, Wikimedia Commons) \u2013 credit: amtec.us.com\"},{\"@type\":\"WebSite\",\"@id\":\"https:\\\/\\\/martinafino.it\\\/#website\",\"url\":\"https:\\\/\\\/martinafino.it\\\/\",\"name\":\"Psicologo Psicoterapeuta Firenze Martina Fino\",\"description\":\"La psicologia si-cura di te\",\"publisher\":{\"@id\":\"https:\\\/\\\/martinafino.it\\\/#\\\/schema\\\/person\\\/7c84523521b3f91c7543e655d9a95a7e\"},\"potentialAction\":[{\"@type\":\"SearchAction\",\"target\":{\"@type\":\"EntryPoint\",\"urlTemplate\":\"https:\\\/\\\/martinafino.it\\\/?s={search_term_string}\"},\"query-input\":{\"@type\":\"PropertyValueSpecification\",\"valueRequired\":true,\"valueName\":\"search_term_string\"}}],\"inLanguage\":\"en-US\"},{\"@type\":[\"Person\",\"Organization\"],\"@id\":\"https:\\\/\\\/martinafino.it\\\/#\\\/schema\\\/person\\\/7c84523521b3f91c7543e655d9a95a7e\",\"name\":\"Martina Fino\",\"image\":{\"@type\":\"ImageObject\",\"inLanguage\":\"en-US\",\"@id\":\"https:\\\/\\\/martinafino.it\\\/wp-content\\\/uploads\\\/2018\\\/10\\\/Psicologo-Firenze-400x300.jpg\",\"url\":\"https:\\\/\\\/martinafino.it\\\/wp-content\\\/uploads\\\/2018\\\/10\\\/Psicologo-Firenze-400x300.jpg\",\"contentUrl\":\"https:\\\/\\\/martinafino.it\\\/wp-content\\\/uploads\\\/2018\\\/10\\\/Psicologo-Firenze-400x300.jpg\",\"width\":400,\"height\":300,\"caption\":\"Martina Fino\"},\"logo\":{\"@id\":\"https:\\\/\\\/martinafino.it\\\/wp-content\\\/uploads\\\/2018\\\/10\\\/Psicologo-Firenze-400x300.jpg\"},\"description\":\"Psicologo Psicoterapeuta Firenze Dott.ssa Martina Fino La Psicologia si-cura di te https:\\\/\\\/www.martinafino.it\",\"sameAs\":[\"https:\\\/\\\/www.martinafino.it\",\"https:\\\/\\\/m.facebook.com\\\/psicologafirenze\",\"https:\\\/\\\/it.linkedin.com\\\/in\\\/martina-fino-65b548b8\",\"https:\\\/\\\/www.pinterest.com\\\/eelfomusic\\\/psicologo-firenze-dottssa-martina-fino\\\/\"],\"gender\":\"donna\",\"knowsAbout\":[\"Psicologo Psicoterapeuta Firenze\"],\"knowsLanguage\":[\"italiano\",\"inglese\"],\"jobTitle\":\"Psicologo Psicoterapeuta Firenze\",\"worksFor\":\"Psicologo Psicoterapeuta Firenze Dott. ssa Martina Fino\",\"url\":\"https:\\\/\\\/martinafino.it\\\/en\\\/author\\\/martina-fino-psicologo-firenze\\\/\"}]}<\/script>\n<!-- \/ Yoast SEO Premium plugin. -->","yoast_head_json":{"title":"Ansia da Prestazione Lavorativa: Sintomi e Rimedi","description":"Ansia da prestazione al lavoro: come riconoscerla, le cause principali e le strategie efficaci per gestirla. Consulenza a Firenze e online.","robots":{"index":"index","follow":"follow","max-snippet":"max-snippet:-1","max-image-preview":"max-image-preview:large","max-video-preview":"max-video-preview:-1"},"canonical":"https:\/\/martinafino.it\/en\/ansia-da-prestazione-lavorativa-sintomi-cause-e-come-affrontarla\/","og_locale":"en_US","og_type":"article","og_title":"Ansia da Prestazione Lavorativa: Sintomi, Cause e Come Affrontarla","og_description":"Psicologo Psicoterapeuta Firenze Dott. ssa Martina Fino","og_url":"https:\/\/martinafino.it\/en\/ansia-da-prestazione-lavorativa-sintomi-cause-e-come-affrontarla\/","og_site_name":"Psicologo Psicoterapeuta Firenze Martina Fino","article_publisher":"https:\/\/m.facebook.com\/psicologafirenze","article_author":"https:\/\/m.facebook.com\/psicologafirenze","article_published_time":"2026-09-01T07:46:24+00:00","article_modified_time":"2026-09-01T15:38:51+00:00","og_image":[{"width":1280,"height":838,"url":"https:\/\/martinafino.it\/wp-content\/uploads\/2026\/09\/Colloquio-di-lavoro-e-ansia-da-prestazione.jpg","type":"image\/jpeg"}],"author":"Martina Fino","twitter_card":"summary_large_image","twitter_misc":{"Written by":"Martina Fino","Est. reading time":"3 minutes"},"schema":{"@context":"https:\/\/schema.org","@graph":[{"@type":"Article","@id":"https:\/\/martinafino.it\/ansia-da-prestazione-lavorativa-sintomi-cause-e-come-affrontarla\/#article","isPartOf":{"@id":"https:\/\/martinafino.it\/ansia-da-prestazione-lavorativa-sintomi-cause-e-come-affrontarla\/"},"author":{"name":"Martina Fino","@id":"https:\/\/martinafino.it\/#\/schema\/person\/7c84523521b3f91c7543e655d9a95a7e"},"headline":"Ansia da Prestazione Lavorativa: Sintomi, Cause e Come Affrontarla","datePublished":"2026-09-01T07:46:24+00:00","dateModified":"2026-09-01T15:38:51+00:00","mainEntityOfPage":{"@id":"https:\/\/martinafino.it\/ansia-da-prestazione-lavorativa-sintomi-cause-e-come-affrontarla\/"},"wordCount":678,"publisher":{"@id":"https:\/\/martinafino.it\/#\/schema\/person\/7c84523521b3f91c7543e655d9a95a7e"},"image":{"@id":"https:\/\/martinafino.it\/ansia-da-prestazione-lavorativa-sintomi-cause-e-come-affrontarla\/#primaryimage"},"thumbnailUrl":"https:\/\/martinafino.it\/wp-content\/uploads\/2026\/09\/Colloquio-di-lavoro-e-ansia-da-prestazione.jpg","articleSection":["La Psicologia si cura di te"],"inLanguage":"en-US"},{"@type":"WebPage","@id":"https:\/\/martinafino.it\/ansia-da-prestazione-lavorativa-sintomi-cause-e-come-affrontarla\/","url":"https:\/\/martinafino.it\/ansia-da-prestazione-lavorativa-sintomi-cause-e-come-affrontarla\/","name":"Ansia da Prestazione Lavorativa: Sintomi e Rimedi","isPartOf":{"@id":"https:\/\/martinafino.it\/#website"},"primaryImageOfPage":{"@id":"https:\/\/martinafino.it\/ansia-da-prestazione-lavorativa-sintomi-cause-e-come-affrontarla\/#primaryimage"},"image":{"@id":"https:\/\/martinafino.it\/ansia-da-prestazione-lavorativa-sintomi-cause-e-come-affrontarla\/#primaryimage"},"thumbnailUrl":"https:\/\/martinafino.it\/wp-content\/uploads\/2026\/09\/Colloquio-di-lavoro-e-ansia-da-prestazione.jpg","datePublished":"2026-09-01T07:46:24+00:00","dateModified":"2026-09-01T15:38:51+00:00","description":"Ansia da prestazione al lavoro: come riconoscerla, le cause principali e le strategie efficaci per gestirla. Consulenza a Firenze e online.","inLanguage":"en-US","potentialAction":[{"@type":"ReadAction","target":["https:\/\/martinafino.it\/ansia-da-prestazione-lavorativa-sintomi-cause-e-come-affrontarla\/"]}]},{"@type":"ImageObject","inLanguage":"en-US","@id":"https:\/\/martinafino.it\/ansia-da-prestazione-lavorativa-sintomi-cause-e-come-affrontarla\/#primaryimage","url":"https:\/\/martinafino.it\/wp-content\/uploads\/2026\/09\/Colloquio-di-lavoro-e-ansia-da-prestazione.jpg","contentUrl":"https:\/\/martinafino.it\/wp-content\/uploads\/2026\/09\/Colloquio-di-lavoro-e-ansia-da-prestazione.jpg","width":1280,"height":838,"caption":"Foto: amtec_photos (CC BY-SA 2.0, Wikimedia Commons) \u2013 credit: amtec.us.com"},{"@type":"WebSite","@id":"https:\/\/martinafino.it\/#website","url":"https:\/\/martinafino.it\/","name":"Martina Fino, Psychologist and Psychotherapist in Florence","description":"Psychology takes care of you","publisher":{"@id":"https:\/\/martinafino.it\/#\/schema\/person\/7c84523521b3f91c7543e655d9a95a7e"},"potentialAction":[{"@type":"SearchAction","target":{"@type":"EntryPoint","urlTemplate":"https:\/\/martinafino.it\/?s={search_term_string}"},"query-input":{"@type":"PropertyValueSpecification","valueRequired":true,"valueName":"search_term_string"}}],"inLanguage":"en-US"},{"@type":["Person","Organization"],"@id":"https:\/\/martinafino.it\/#\/schema\/person\/7c84523521b3f91c7543e655d9a95a7e","name":"Martina Fino","image":{"@type":"ImageObject","inLanguage":"en-US","@id":"https:\/\/martinafino.it\/wp-content\/uploads\/2018\/10\/Psicologo-Firenze-400x300.jpg","url":"https:\/\/martinafino.it\/wp-content\/uploads\/2018\/10\/Psicologo-Firenze-400x300.jpg","contentUrl":"https:\/\/martinafino.it\/wp-content\/uploads\/2018\/10\/Psicologo-Firenze-400x300.jpg","width":400,"height":300,"caption":"Martina Fino"},"logo":{"@id":"https:\/\/martinafino.it\/wp-content\/uploads\/2018\/10\/Psicologo-Firenze-400x300.jpg"},"description":"Psychologist Psychotherapist Florence Dr. Martina Fino Psychology takes care of you https:\/\/www.martinafino.it","sameAs":["https:\/\/www.martinafino.it","https:\/\/m.facebook.com\/psicologafirenze","https:\/\/it.linkedin.com\/in\/martina-fino-65b548b8","https:\/\/www.pinterest.com\/eelfomusic\/psicologo-firenze-dottssa-martina-fino\/"],"gender":"donna","knowsAbout":["Psicologo Psicoterapeuta Firenze"],"knowsLanguage":["italiano","inglese"],"jobTitle":"Psicologo Psicoterapeuta Firenze","worksFor":"Psicologo Psicoterapeuta Firenze Dott. ssa Martina Fino","url":"https:\/\/martinafino.it\/en\/author\/martina-fino-psicologo-firenze\/"}]}},"menu_order":0,"_links":{"self":[{"href":"https:\/\/martinafino.it\/en\/wp-json\/wp\/v2\/posts\/32967","targetHints":{"allow":["GET"]}}],"collection":[{"href":"https:\/\/martinafino.it\/en\/wp-json\/wp\/v2\/posts"}],"about":[{"href":"https:\/\/martinafino.it\/en\/wp-json\/wp\/v2\/types\/post"}],"author":[{"embeddable":true,"href":"https:\/\/martinafino.it\/en\/wp-json\/wp\/v2\/users\/4"}],"replies":[{"embeddable":true,"href":"https:\/\/martinafino.it\/en\/wp-json\/wp\/v2\/comments?post=32967"}],"version-history":[{"count":4,"href":"https:\/\/martinafino.it\/en\/wp-json\/wp\/v2\/posts\/32967\/revisions"}],"predecessor-version":[{"id":33105,"href":"https:\/\/martinafino.it\/en\/wp-json\/wp\/v2\/posts\/32967\/revisions\/33105"}],"wp:featuredmedia":[{"embeddable":true,"href":"https:\/\/martinafino.it\/en\/wp-json\/wp\/v2\/media\/32970"}],"wp:attachment":[{"href":"https:\/\/martinafino.it\/en\/wp-json\/wp\/v2\/media?parent=32967"}],"wp:term":[{"taxonomy":"category","embeddable":true,"href":"https:\/\/martinafino.it\/en\/wp-json\/wp\/v2\/categories?post=32967"},{"taxonomy":"post_tag","embeddable":true,"href":"https:\/\/martinafino.it\/en\/wp-json\/wp\/v2\/tags?post=32967"}],"curies":[{"name":"wp","href":"https:\/\/api.w.org\/{rel}","templated":true}]}}